{"id":926,"date":"2025-01-05T13:41:01","date_gmt":"2025-01-05T12:41:01","guid":{"rendered":"https:\/\/jeliebt.de\/sizi-tanistirabilir-miyim-sahsen-ask\/"},"modified":"2025-09-21T16:57:35","modified_gmt":"2025-09-21T14:57:35","slug":"sizi-tanistirabilir-miyim-sahsen-ask","status":"publish","type":"post","link":"https:\/\/jeliebt.de\/tr\/sizi-tanistirabilir-miyim-sahsen-ask\/","title":{"rendered":"Sizi tan\u0131\u015ft\u0131rabilir miyim?"},"content":{"rendered":"\n<p><strong>\u201cSeni o kadar \u00e7ok sevi\u00adyo\u00adrum<\/strong> ki, sen\u00adin i\u00e7in <strong>haya\u00adt\u0131m\u0131<\/strong> bile <strong>feda<\/strong> ede\u00adbi\u00adli\u00adrim\u201d, bura\u00adda size tan\u0131t\u00admak ist\u00adedi\u011fim ki\u015fi ken\u00addi\u00adni b\u00f6yle tan\u0131m\u00adl\u0131yor. Ve \u00f6zel olan \u015fey, bunu <strong>hi\u00e7\u00adbir kar\u015f\u0131l\u0131k bekle\u00adme\u00adden<\/strong> yap\u00admas\u0131. Kar\u015f\u0131l\u0131\u011f\u0131n\u00adda sevil\u00adme\u00adse bile. Bu m\u00fcm\u00adk\u00fcn m\u00fc? Bu olduk\u00ad\u00e7a ger\u00ad\u00e7ek d\u0131\u015f\u0131 g\u00f6r\u00fcn\u00fcyor. Elbet\u00adte bir\u00ad\u00e7ok insan bun\u00adun hak\u00adk\u0131n\u00adda kon\u00adu\u015fuyor ve size mavi g\u00f6ky\u00fc\u00adz\u00fc\u00adn\u00fc vaat edi\u00adyor. Ama i\u015f cid\u00addi\u00adye bin\u00addi\u011fin\u00adde? \u0130\u015f cid\u00addi\u00adye bin\u00addi\u011fin\u00adde? Ken\u00addi haya\u00adt\u0131n\u0131\u00adz\u0131 m\u0131 yoksa (siz\u00adden ho\u015flan\u00adm\u0131yor bile ola\u00adbil\u00adecek) di\u011fer ki\u015fi\u00adnin haya\u00adt\u0131n\u0131 m\u0131 kur\u00adt\u00adar\u00adma se\u00e7e\u00adne\u011fi\u00adyle kar\u015f\u0131 kar\u015f\u0131ya kal\u0131yor\u00adsunuz? Bu ki\u015fiyi ger\u00ad\u00e7ek\u00adten tan\u0131\u00add\u0131m ve ger\u00ad\u00e7ek\u00adten cid\u00addi oldu\u011funu deney\u00adim\u00adle\u00addim: Onun ad\u0131 \u0130sa.         Bel\u00adki ad\u0131n\u0131 daha \u00f6nce duy\u00admu\u015f\u00adsunuz\u00addur. Bel\u00adki d\u00fcn\u00adden \u00f6nce\u00adki g\u00fcn onun hak\u00adk\u0131n\u00adda bir fik\u00adri\u00adniz var\u00add\u0131 ya da onu iyi bir adam ola\u00adrak yaz\u00add\u0131n\u0131z. Ama sizi \u00e7ekin\u00adce\u00adsiz ola\u00adrak onu tekrar tan\u0131\u00adma\u00adya davet ede\u00adbi\u00adlir miy\u00adim? Elbet\u00adte, onun hak\u00adk\u0131n\u00adda sade\u00adce bir\u00adka\u00e7 \u015fey duy\u00adman\u0131z ya da onu \u015fah\u00adsen tan\u0131\u00adman\u0131z b\u00fcy\u00fck bir fark yara\u00adt\u0131r. Ancak bu kon\u00adu\u00adya daha son\u00adra de\u011fi\u00adne\u00adce\u011fim. \u0130lk ola\u00adrak, neden onun ger\u00ad\u00e7ek\u00adten \u201ca\u015fk\u0131n ki\u015fi\u00adle\u015f\u00admi\u015f hali\u201d oldu\u011funu d\u00fc\u015f\u00fcnd\u00fc\u011f\u00fc\u00adme dair bir\u00adka\u00e7 nok\u00adta\u00adya de\u011fin\u00admek isti\u00adyo\u00adrum:  <\/p>\n\n<ul class=\"wp-block-list\">\n<li><strong>Biz ins\u00adan\u00adlar i\u00e7in haya\u00adt\u0131n\u0131 feda<\/strong> ede\u00adrek ken\u00addi s\u00f6z\u00fc\u00adn\u00fc yeri\u00adne get\u00adir\u00addi.<\/li>\n\n\n\n<li>bug\u00fcn hala pek \u00e7ok <strong>s\u00f6z\u00fc\u00adn\u00fcn<\/strong> arkas\u0131n\u00adda duruyor<\/li>\n\n\n\n<li><strong>Kula\u011f\u0131<\/strong> her zaman <strong>a\u00e7\u0131k\u00adt\u0131r<\/strong> ve dual\u00adar\u0131m\u0131\u00adza <strong>cevap<\/strong> ver\u00adir.<\/li>\n\n\n\n<li>Biz bunu yap\u00adsak bile o bize s\u0131r\u00adt\u0131n\u0131 d\u00f6n\u00admez.<\/li>\n<\/ul>\n\n<p><strong>1. Ken\u00addi s\u00f6z\u00fc\u00adn\u00fc yeri\u00adne get\u00adir\u00addi ve biz ins\u00adan\u00adlar i\u00e7in haya\u00adt\u0131n\u0131 feda etti.<\/strong><\/p>\n\n<p>Bu onun i\u00e7in beklen\u00adme\u00addik bir \u015fey de\u011fil\u00addi. O bir <g id=\"gid_0\">kom\u00adplo\u00adnun <\/g>ya da vaaz etti\u011fi <g id=\"gid_1\">ide\u00adal\u00adle\u00adrin<\/g> kur\u00adban\u0131 de\u011fil\u00addi. <g id=\"gid_2\">Haya\u00adt\u0131n\u0131<\/g> bile\u00adrek sizin ve benim i\u00e7in <g id=\"gid_2\">feda<\/g> etti. Ama neden? \u00c7\u00fcn\u00adk\u00fc Yara\u00adt\u0131c\u0131m\u0131z olan Tan\u00adr\u0131 ile yen\u00adi\u00adden bir ili\u015fki kura\u00adbil\u00adme\u00admi\u00adzin tek yolu buy\u00addu. Ama bu onun i\u00e7in neden bu kadar \u00f6nem\u00adli\u00ady\u00addi? Neden Tan\u00adr\u0131\u2019y\u00adla bir <g id=\"gid_3\">ili\u015fki\u00adye<\/g> ihti\u00adyac\u0131m\u0131z olsun ki? (Tan\u00adr\u0131\u2019n\u0131n var olup olma\u00add\u0131\u011f\u0131 soru\u00adsun\u00addan tama\u00admen ayr\u0131 ola\u00adrak. Bu konu\u00adda daha faz\u00adla bil\u00adgiyi bura\u00adda bula\u00adbi\u00adlir\u00adsi\u00adniz) \u00c7\u00fcn\u00adk\u00fc biz ins\u00adan\u00adlar Tan\u00adr\u0131\u2019y\u0131 red\u00adde\u00adden bir d\u00fcn\u00adya\u00adda ya\u015f\u0131yo\u00adruz. Biz ins\u00adan\u00adlar bilin\u00ad\u00e7\u00adli ya da bilin\u00ad\u00e7\u00adsiz ola\u00adrak ona s\u0131r\u00adt\u0131m\u0131\u00adz\u0131 d\u00f6n\u00adm\u00fc\u015f dur\u00adum\u00adday\u0131z. Ve bun\u00adun <g id=\"gid_4\">etki\u00adle\u00adri\u00adni<\/g> haber\u00adler\u00adde, \u00e7ev\u00adre\u00admiz\u00adde ve d\u00fcr\u00fcst olur\u00adsak ken\u00addi i\u00e7i\u00admiz\u00adde g\u00f6r\u00fcyo\u00adruz: Ben\u00adcil\u00adlik, \u00e7eki\u015f\u00adme, k\u00f6t\u00fc d\u00fc\u015f\u00fcn\u00adce\u00adler, bozu\u00adlan ili\u015fki\u00adler, ada\u00adlet\u00adsiz\u00adlik ve ins\u00adan\u00adlar\u0131n s\u00f6m\u00fcr\u00fcl\u00adme\u00ads\u00adi\u00adnin yan\u0131 s\u0131ra hastal\u0131k ve \u00f6l\u00fcm. T\u00fcm bu y\u00fck\u00adler\u00adle Tan\u00adr\u0131\u2019ya asla yakla\u015fa\u00admay\u0131z. O\u2019nun safl\u0131\u011f\u0131\u00adna kat\u00adla\u00adna\u00admay\u0131z. Bura\u00adda, bu ya\u015fam\u00adda ve \u00f6l\u00fcm\u00adden son\u00adra\u00adki son\u00adsuz ya\u015fam\u0131m\u0131z\u00adda. Bun\u00adun <g id=\"gid_5\">sonu\u00adcu <\/g>Yara\u00adt\u0131c\u0131m\u0131z\u00addan son\u00adsu\u00adza dek ayr\u0131 kal\u00admak ola\u00adcak\u00adt\u0131r. Bun\u00adun\u00adla ilgi\u00adli en k\u00f6t\u00fc \u015fey, son\u00adsuz\u00adlu\u011fu\u00admu\u00adzu Tan\u00adr\u0131 olma\u00addan ge\u00e7ir\u00admek zor\u00adunda kal\u00admam\u0131z ola\u00adcak\u00adt\u0131r ki bu \u201cd\u00fcn\u00adyad\u00adaki cehen\u00adnem\u00adden\u201d bile daha k\u00f6t\u00fc ola\u00adcak\u00adt\u0131r, \u00e7\u00fcn\u00adk\u00fc <g id=\"gid_6\">hi\u00e7\u00adbir umut<\/g>, ne\u015fe ve geri d\u00f6n\u00fc\u015f yolu olma\u00adya\u00adcak\u00adt\u0131r. Ancak \u0130sa biz ins\u00adan\u00adlar\u0131 tam da bu \u201cebe\u00addi \u00f6l\u00fcm\u00adden\u201d kur\u00adt\u00adar\u00admak ist\u00adedi. \u00c7ar\u00adm\u0131h\u00adta \u00f6ld\u00fc\u011f\u00fcn\u00adde, yan\u00adl\u0131\u015f eylem\u00adle\u00adri\u00admiz ve d\u00fc\u015f\u00fcn\u00adce\u00adle\u00adri\u00admiz i\u00e7in ceza\u00adlan\u00add\u0131r\u0131l\u00admay\u0131 kabul etti ve keli\u00adme\u00adnin tam anlam\u0131y\u00adla bun\u00adlar\u0131 ken\u00addi \u00fcze\u00adri\u00adne ald\u0131. Bu neden\u00adle \u00e7\u00f6p\u00adle\u00adri\u00adni ona geti\u00adrip bo\u015fal\u00adtan her\u00adkes tam bir ba\u011f\u0131\u015flan\u00adma ve Tan\u00adr\u0131\u2019y\u00adla <g id=\"gid_7\">yeni bir ba\u015flan\u00adg\u0131\u00e7<\/g> ya\u015fa\u00adya\u00adbi\u00adlir. Bu \u00f6zg\u00fcr\u00adle\u015f\u00adtir\u00adir ve Tan\u00adr\u0131\u2019n\u0131n ba\u011f\u0131\u015fla\u00admas\u0131 bu andan iti\u00adba\u00adren t\u00fcm son\u00adsuz\u00adluk i\u00e7in ge\u00e7er\u00adli\u00addir. Bu, Tan\u00adr\u0131\u2019ya tekrar yakla\u015f\u00admam\u0131\u00adz\u0131n ve bilin\u00ad\u00e7\u00adli ola\u00adrak ya\u015fam\u00adlar\u0131m\u0131z\u00adda h\u00fck\u00fcm s\u00fcr\u00adme\u00adsi\u00adne izin ver\u00adme\u00admi\u00adzin yolunu a\u00e7ar. \u0130sa\u2019ya bu dave\u00adti yap\u00adt\u0131\u011f\u0131m\u00adda, ger\u00ad\u00e7ek bir sevin\u00e7 ve derin bir huz\u00adur\u00adla dol\u00admu\u015f\u00adtum. O andan iti\u00adba\u00adren \u0130sa\u2019n\u0131n ger\u00ad\u00e7ek\u00adten ora\u00adda oldu\u011funu ve o zaman\u00addan beri benim\u00adle bir\u00adlik\u00adte ya\u015fam\u00adda y\u00fcr\u00fc\u00add\u00fc\u011f\u00fc\u00adn\u00fc bili\u00adyordum. Bun\u00adun pra\u00adtik sonu\u00ad\u00e7lar\u0131 var\u00add\u0131r.                      <\/p>\n\n<p>Ama zaten \u00f6lm\u00fc\u015f olan biri haya\u00adt\u0131m\u0131\u00adza nas\u0131l gire\u00adbi\u00adlir? G\u00fczel bir soru. \u00c7\u00fcn\u00adk\u00fc o mezar\u00adda kal\u00adma\u00add\u0131, \u00fc\u00e7 g\u00fcn son\u00adra \u00f6l\u00fcm\u00adden diril\u00addi. Bu kula\u011fa olduk\u00ad\u00e7a inan\u0131l\u00admaz geli\u00adyor. \u201cBun\u00adun her\u00adhan\u00adgi bir kan\u0131\u00adt\u0131 var m\u0131?\u201d diye soruyor\u00adsunuz\u00addur. Bir\u00ad\u00e7ok tarihi kay\u00adnak \u0130sa\u2019n\u0131n diri\u00adli\u015fi\u00adni do\u011fru\u00adlam\u00adakt\u00ada\u00add\u0131r. Eski ateist ve Kut\u00adsal Kitap ele\u015f\u00adtir\u00admeni Josh McDo\u00adwell, diri\u00adli\u015f konu\u00adsun\u00adda yap\u00adt\u0131\u011f\u0131 ara\u015f\u00adt\u0131r\u00admalar\u00adla \u0130sa\u2019n\u0131n \u00f6l\u00fcm\u00adden diril\u00admi\u015f ola\u00adma\u00adya\u00adca\u011f\u0131n\u0131 ve Kut\u00adsal Kitap\u2019\u0131n do\u011fru ola\u00adma\u00adya\u00adca\u011f\u0131n\u0131 kan\u0131t\u00adla\u00admak ist\u00adedi. Ancak bun\u00adun yeri\u00adne,<g id=\"gid_0\">\u201cDiri\u00adli\u015f Ger\u00ad\u00e7e\u011fi<\/g>\u201d adl\u0131 kita\u00adb\u0131n\u00adda (\u00fccret\u00adsiz PDF ver\u00adsi\u00adyo\u00adnu) yay\u0131n\u00adla\u00add\u0131\u011f\u0131 baz\u0131 \u015fa\u015f\u0131r\u00adt\u0131c\u0131 \u015fey\u00adler bul\u00addu.         [hier Link \u2013 But\u00adton zur PDF ein\u00adf\u00fc\u00adgen]<br><\/p>\n\n<p><strong>2. Bug\u00fcn hala ver\u00addi\u011fi bir\u00ad\u00e7ok s\u00f6z\u00fcn arkas\u0131n\u00adda duruyor<\/strong><\/p>\n\n<p>\u00d6rne\u011fin, bize d\u00fcn\u00adyan\u0131n veremeye\u00adce\u011fi bir huzur verece\u011fi\u00adni vaat etmi\u015f\u00adtir (bkz. Kut\u00adsal Kitap: Yuhan\u00adna 16 ayet 33). Tabi\u00adri caiz\u00adse, d\u0131\u015f ko\u015ful\u00adlar\u00addan ba\u011f\u0131m\u00ads\u0131z olan <g id=\"gid_0\">do\u011fa\u00ad\u00fc\u00adst\u00fc<\/g> bir <g id=\"gid_0\">huzur<\/g>. Etraf\u0131n\u0131z\u00adda f\u0131r\u00adt\u0131na\u00adlar kopar\u00adken ya da ya\u015fam\u0131n zor\u00adlu\u00adklar\u0131 sizi bunalt\u00adma\u00adk\u00adla teh\u00addit eder\u00adken bile. O, bu huzu\u00adru var\u00adl\u0131\u011f\u0131n\u0131 ara\u00ady\u00adan\u00adla\u00adra ver\u00adir. Bazen bu huzu\u00adrun hisse\u00addi\u00adle\u00adbil\u00adme\u00adsi i\u00e7in \u00f6nce ona endi\u015fe\u00adle\u00adri\u00admi\u00adzi ve kor\u00adku\u00adlar\u0131m\u0131\u00adz\u0131 ver\u00adme\u00admiz gere\u00adkir. Ancak bizi endi\u015fe\u00adle\u00adri\u00admiz\u00adden kur\u00adt\u00adar\u00admas\u0131\u00adna izin ver\u00adir\u00adsek, <g id=\"gid_2\">var\u00adl\u0131\u011f\u0131y\u00adla<\/g> ili\u015fki\u00adli <g id=\"gid_1\">i\u00e7sel<\/g> s\u00fck\u00fb\u00adnet geri gelir.     <br><\/p>\n\n<p><strong>3. Her zaman a\u00e7\u0131k bir kula\u011f\u0131 var\u00add\u0131r ve dual\u00adar\u0131m\u0131\u00adza cevap ver\u00adir.<\/strong><\/p>\n\n<p>G\u00fcn\u00adl\u00fck ya\u015fam\u0131n y\u00fck\u00fc alt\u0131n\u00adda ac\u0131 \u00e7ek\u00adti\u011fi\u00admiz\u00adde ken\u00addi\u00adsi\u00adne gele\u00adbil\u00adece\u011fi\u00admi\u00adze dair ver\u00addi\u011fi s\u00f6z konu\u00adsun\u00adda cid\u00addi\u00addir. Biz onu g\u00f6r\u00ade\u00adme\u00adsek bile o orad\u00ada\u00add\u0131r ve bizi <g id=\"gid_0\">din\u00adler<\/g>. Onun\u00adla ist\u00adedi\u011fi\u00admiz gibi ve akl\u0131m\u0131z\u00addan ge\u00e7en\u00adler hak\u00adk\u0131n\u00adda kon\u00adu\u015fa\u00adbi\u00adli\u00adriz. O zaten bili\u00adyor. \u00c7\u00fcn\u00adk\u00fc bizi ba\u015f\u00adtan sona tan\u0131r ve ona endi\u015fe\u00adle\u00adri\u00admiz\u00adle gel\u00addi\u011fi\u00admiz\u00adde mut\u00adlu olur. Ve <g id=\"gid_1\">cevap ver\u00adir<\/g>. Her zaman bizim ist\u00adedi\u011fi\u00admiz ya da bekle\u00addi\u011fi\u00admiz \u015fekil\u00adde de\u011fil. Ama \u00e7o\u011fu zaman ver\u00addi\u011fi ceva\u00adplar\u00adla bizi \u015fa\u015f\u0131r\u00adt\u0131r ve bize \u00e7ok <g id=\"gid_2\">daha b\u00fcy\u00fck<\/g> bir <g id=\"gid_2\">per\u00adspek\u00adtif<\/g> g\u00f6s\u00adter\u00adir. Ben de bunu biz\u00adzat ya\u015fa\u00add\u0131m: <g id=\"gid_3\">benim b\u00fcy\u00fck a\u015fk\u0131m<\/g>.        <\/p>\n\n<p>Bu ara\u00adda: E\u011fer \u00e7ocuk\u00adken sak\u0131z maki\u00adne\u00adsi\u00adyle oynam\u00adak\u00adtan ho\u015flan\u00adan\u00adlardan\u00adsan\u0131z: \u0130sa bir dilek maki\u00adne\u00adsi de\u011fil\u00addir. \u201cDua paras\u0131 i\u00e7e\u00adri, sak\u0131z d\u0131\u015far\u0131\u201d \u00e7iz\u00adgisin\u00adde. Ken\u00addi\u00adsi\u00adnin bizim olayla\u00adra gen\u00adel\u00adlik\u00adle tek tarafl\u0131 bak\u0131\u015f a\u00e7\u0131m\u0131\u00adza kilit\u00adlen\u00adme\u00adsi\u00adne izin ver\u00admez. Bun\u00adun yeri\u00adne bize <g id=\"gid_0\">yeni ufu\u00adklar<\/g> g\u00f6s\u00adter\u00adir ve ona g\u00fcve\u00adnen\u00adler hay\u00adal k\u0131r\u0131kl\u0131\u011f\u0131\u00adna u\u011framaz\u00adlar.   <br><\/p>\n\n<p><strong>4. Biz bunu yap\u00adsak bile o bize s\u0131r\u00adt\u0131n\u0131 d\u00f6n\u00admez.<\/strong><\/p>\n\n<p>E\u011fer bunu yap\u00adsay\u00add\u0131, d\u00fcn\u00adyay\u0131 uzun zaman \u00f6nce terk etmi\u015f olur\u00addu. Ba\u015f\u00adkalar\u0131 taraf\u0131n\u00addan tama\u00admen g\u00f6z\u00adden \u00e7\u0131kar\u0131lan ins\u00adan\u00adlar\u0131n say\u00ad\u0131s\u0131z <g id=\"gid_0\">deney\u00adimi<\/g> buna tan\u0131kl\u0131k etmek\u00adte\u00addir: Ke\u015f\u00adler, su\u00e7lu\u00adlar, alko\u00adli\u00adk\u00adler\u2026 <g id=\"gid_1\">Onlar\u0131n ger\u00ad\u00e7ek ya\u015fam \u00f6yk\u00fc\u00adle\u00adri i\u00e7in bura\u00adya t\u0131klay\u0131n<\/g>. <\/p>\n\n<p>\u0130sa\u2019y\u0131 daha yak\u0131n\u00addan tan\u0131\u00admak isti\u00adyor\u00adsan\u0131z, onun\u00adla bir\u00adlik\u00adte \u00fc\u00e7 y\u0131l boy\u00adun\u00adca yery\u00fc\u00adz\u00fcn\u00adde seyahat etmi\u015f olan Yuhan\u00adna\u2019n\u0131n g\u00f6r\u00adg\u00fc tan\u0131\u011f\u0131 ola\u00adrak anlat\u00adt\u0131klar\u0131n\u0131 okuy\u00adun: <a href=\"https:\/\/www.bibleserver.com\/Ne%C3%9C\/Johannes1\" target=\"_blank\" rel=\"noreferrer noopener\">Yuhan\u00adna<\/a>.<\/p>\n","protected":false},"excerpt":{"rendered":"<p>\u201cSeni o kadar \u00e7ok sevi\u00adyo\u00adrum ki, sen\u00adin i\u00e7in haya\u00adt\u0131m\u0131 bile feda ede\u00adbi\u00adli\u00adrim\u201d, bura\u00adda size tan\u0131t\u00admak ist\u00adedi\u011fim ki\u015fi ken\u00addi\u00adni b\u00f6yle tan\u0131m\u00adl\u0131yor. Ve \u00f6zel olan \u015fey, bunu hi\u00e7\u00adbir kar\u015f\u0131l\u0131k bekle\u00adme\u00adden yap\u00admas\u0131. Kar\u015f\u0131l\u0131\u011f\u0131n\u00adda sevil\u00adme\u00adse bile. Bu m\u00fcm\u00adk\u00fcn m\u00fc? Bu olduk\u00ad\u00e7a ger\u00ad\u00e7ek d\u0131\u015f\u0131 g\u00f6r\u00fcn\u00fcyor. Elbet\u00adte bir\u00ad\u00e7ok insan bun\u00adun hak\u00adk\u0131n\u00adda kon\u00adu\u015fuyor ve size mavi g\u00f6ky\u00fc\u00adz\u00fc\u00adn\u00fc vaat edi\u00adyor. Ama i\u015f cid\u00addi\u00adye [\u2026]<\/p>\n","protected":false},"author":2,"featured_media":934,"comment_status":"closed","ping_status":"closed","sticky":false,"template":"","format":"standard","meta":{"_acf_changed":false,"wp_typography_post_enhancements_disabled":false,"footnotes":""},"categories":[39],"tags":[],"class_list":["post-926","post","type-post","status-publish","format-standard","has-post-thumbnail","hentry","category-blog-yazisi"],"acf":[],"_links":{"self":[{"href":"https:\/\/jeliebt.de\/tr\/wp-json\/wp\/v2\/posts\/926","targetHints":{"allow":["GET"]}}],"collection":[{"href":"https:\/\/jeliebt.de\/tr\/wp-json\/wp\/v2\/posts"}],"about":[{"href":"https:\/\/jeliebt.de\/tr\/wp-json\/wp\/v2\/types\/post"}],"author":[{"embeddable":true,"href":"https:\/\/jeliebt.de\/tr\/wp-json\/wp\/v2\/users\/2"}],"replies":[{"embeddable":true,"href":"https:\/\/jeliebt.de\/tr\/wp-json\/wp\/v2\/comments?post=926"}],"version-history":[{"count":7,"href":"https:\/\/jeliebt.de\/tr\/wp-json\/wp\/v2\/posts\/926\/revisions"}],"predecessor-version":[{"id":3304,"href":"https:\/\/jeliebt.de\/tr\/wp-json\/wp\/v2\/posts\/926\/revisions\/3304"}],"wp:featuredmedia":[{"embeddable":true,"href":"https:\/\/jeliebt.de\/tr\/wp-json\/wp\/v2\/media\/934"}],"wp:attachment":[{"href":"https:\/\/jeliebt.de\/tr\/wp-json\/wp\/v2\/media?parent=926"}],"wp:term":[{"taxonomy":"category","embeddable":true,"href":"https:\/\/jeliebt.de\/tr\/wp-json\/wp\/v2\/categories?post=926"},{"taxonomy":"post_tag","embeddable":true,"href":"https:\/\/jeliebt.de\/tr\/wp-json\/wp\/v2\/tags?post=926"}],"curies":[{"name":"wp","href":"https:\/\/api.w.org\/{rel}","templated":true}]}}