{"id":915,"date":"2025-01-05T13:31:34","date_gmt":"2025-01-05T12:31:34","guid":{"rendered":"https:\/\/jeliebt.de\/sen-jeliebtsin\/"},"modified":"2025-09-21T16:57:35","modified_gmt":"2025-09-21T14:57:35","slug":"sen-jeliebtsin","status":"publish","type":"post","link":"https:\/\/jeliebt.de\/tr\/sen-jeliebtsin\/","title":{"rendered":"Seviliyorsun!"},"content":{"rendered":"\n<p>Bu ifa\u00addeyi duy\u00addu\u011fu\u00adnuz\u00adda akl\u0131n\u0131z\u00addan ne ge\u00e7i\u00adyor? Buna <strong>inan\u0131yor <\/strong>musunuz? <strong>Hisse\u00addi\u00adyor <\/strong>musunuz? Biz ins\u00adan\u00adlar sade\u00adce oldu\u011fu\u00admuz gibi <strong>sevil\u00admek <\/strong>iste\u00adriz. Kar\u015f\u0131l\u0131\u011f\u0131n\u00adda hi\u00e7\u00adbir \u015fey yap\u00admak zor\u00adunda kal\u00adma\u00addan. Aynen b\u00f6yle. \u0130st\u00ader i\u00e7i\u00adniz\u00adde hisse\u00addin ister his\u00adset\u00admey\u00adin, hepi\u00admi\u00adzin i\u00e7in\u00adde bu <strong>ihti\u00adya\u00e7 <\/strong>var\u00add\u0131r. Bu neden\u00adle a\u015fk konu\u00adsu g\u00fcn\u00adl\u00fck ya\u015fam\u00adda ve medya\u00adda bu kadar yay\u00adg\u0131n\u00add\u0131r. Say\u00ad\u0131s\u0131z a\u015fk fil\u00admi var \u00e7\u00fcn\u00adk\u00fc biz ins\u00adan\u00adlar tam da film\u00adler\u00adde sunu\u00adlan bu a\u015fk\u0131 \u00f6zl\u00fcyo\u00adruz. Bel\u00adki de saf ve roman\u00adtik a\u015fk <strong>duy\u00adgu\u00ads\u00adunu <\/strong>bir anl\u0131\u011f\u0131\u00adna haya\u00adt\u0131n\u0131\u00adza getir\u00admek i\u00e7in? Ancak film bit\u00adti\u011fin\u00adde, ger\u00ad\u00e7e\u00adklik ne yaz\u0131k ki bizi tekrar yakal\u0131yor. Ken\u00addi ili\u015fki\u00adle\u00adri\u00admiz\u00adde\u00adki veya arka\u00adda\u015fl\u0131klar\u0131m\u0131z\u00adda\u00adki eksik\u00adli\u00adkle\u00adri g\u00f6r\u00fcr\u00fcz. Bir an i\u00e7in b\u00f6yle sevil\u00admek ne kadar g\u00fczel olur\u00addu?<\/p>\n\n<p><br>Bel\u00adki siz de ken\u00addi\u00adni\u00adze \u00f6zel bir \u015fekil ver\u00adir\u00adse\u00adniz ya da \u00f6zel bir \u015fey yapar\u00adsan\u0131z ins\u00adan\u00adlar\u0131n sizi daha \u00e7ok seve\u00adce\u011fi\u00adni d\u00fc\u015f\u00fcn\u00fcyor\u00adsunuz. Ama bu hala sev\u00adgi mi?  O zaman a\u015fk <strong>ko\u015ful\u00adla\u00adra <\/strong>ba\u011fl\u0131 olur\u00addu. \u0130nsa\u00adnl\u00adar\u0131n bizi b\u00f6yle sev\u00adme\u00adsi gerek\u00admez mi, sizin bunu hak etme\u00adni\u00adze gerek kal\u00adma\u00addan? Sade\u00adce SEN oldu\u011fun i\u00e7in?  Diye\u00adlim ki sizi ko\u015ful\u00adsuz seven biri var: onu <strong>tan\u0131\u00admak <\/strong>ister miy\u00addi\u00adniz?<\/p>\n\n<p><br>Tam ola\u00adrak bunu iddia eden biri\u00adyle tan\u0131\u015f\u00adt\u0131m. Dahas\u0131, <strong>a\u015fk\u0131n ki\u015fi\u00adle\u015f\u00admi\u015f<\/strong> hali oldu\u011funu bile iddia edi\u00adyor. Onu daha yak\u0131n\u00addan tan\u0131\u00add\u0131\u011f\u0131m\u00adda, <strong>do\u011fruyu <\/strong>s\u00f6y\u00adle\u00addi\u011fi\u00adni fark ettim. Ve en g\u00fcze\u00adli de ona oldu\u011fu\u00adnuz gibi gele\u00adbil\u00adme\u00adniz. O da her zaman size <g id=\"gid_1\">kulak<\/g> ver\u00adi\u00adyor ve size zaman ay\u0131r\u0131yor. Onun <g id=\"gid_2\">yan\u0131n\u00adday\u00adken <\/g>, sizi ger\u00ad\u00e7ek\u00adten <g id=\"gid_3\">ko\u015ful\u00adsuz <\/g>sev\u00addi\u011fi\u00adni de hisse\u00adde\u00adbi\u00adlir\u00adsi\u00adniz.    Onun ad\u0131 <strong>\u0130sa<\/strong>. Bel\u00adki ad\u0131n\u0131 daha \u00f6nce duy\u00admu\u015f\u00adsunuz\u00addur. Bel\u00adki d\u00fcn\u00adden \u00f6nce\u00adki g\u00fcn onun hak\u00adk\u0131n\u00adda bir fik\u00adri\u00adniz var\u00add\u0131 ya da onu iyi bir adam ola\u00adrak yaz\u00add\u0131n\u0131z. Ama sizi \u00e7ekin\u00adce\u00adsiz ola\u00adrak onu tekrar tan\u0131\u00adma\u00adya davet ede\u00adbi\u00adlir miy\u00adim? Ken\u00addi\u00adsi hak\u00adk\u0131n\u00adda daha faz\u00adla bil\u00adgi\u00adye burad\u00adan ula\u015fa\u00adbi\u00adlir\u00adsi\u00adniz:<a href=\"https:\/\/jeliebt.de\/tr\/sizi-tanistirabilir-miyim-sahsen-ask\/\" data-type=\"post\" data-id=\"924\">\u201cLove per\u00adso\u00adni\u00adfied<\/a>\u201d]<\/p>\n\n<p><\/p>\n","protected":false},"excerpt":{"rendered":"<p>Bu ifa\u00addeyi duy\u00addu\u011fu\u00adnuz\u00adda akl\u0131n\u0131z\u00addan ne ge\u00e7i\u00adyor? Buna inan\u0131yor musunuz? Hisse\u00addi\u00adyor musunuz? Biz ins\u00adan\u00adlar sade\u00adce oldu\u011fu\u00admuz gibi sevil\u00admek iste\u00adriz. Kar\u015f\u0131l\u0131\u011f\u0131n\u00adda hi\u00e7\u00adbir \u015fey yap\u00admak zor\u00adunda kal\u00adma\u00addan. Aynen b\u00f6yle. \u0130st\u00ader i\u00e7i\u00adniz\u00adde hisse\u00addin ister his\u00adset\u00admey\u00adin, hepi\u00admi\u00adzin i\u00e7in\u00adde bu ihti\u00adya\u00e7 var\u00add\u0131r. Bu neden\u00adle a\u015fk konu\u00adsu g\u00fcn\u00adl\u00fck ya\u015fam\u00adda ve medya\u00adda bu kadar yay\u00adg\u0131n\u00add\u0131r. Say\u00ad\u0131s\u0131z a\u015fk fil\u00admi var \u00e7\u00fcn\u00adk\u00fc biz ins\u00adan\u00adlar tam [\u2026]<\/p>\n","protected":false},"author":2,"featured_media":923,"comment_status":"closed","ping_status":"closed","sticky":false,"template":"","format":"standard","meta":{"_acf_changed":false,"wp_typography_post_enhancements_disabled":false,"footnotes":""},"categories":[39],"tags":[],"class_list":["post-915","post","type-post","status-publish","format-standard","has-post-thumbnail","hentry","category-blog-yazisi"],"acf":[],"_links":{"self":[{"href":"https:\/\/jeliebt.de\/tr\/wp-json\/wp\/v2\/posts\/915","targetHints":{"allow":["GET"]}}],"collection":[{"href":"https:\/\/jeliebt.de\/tr\/wp-json\/wp\/v2\/posts"}],"about":[{"href":"https:\/\/jeliebt.de\/tr\/wp-json\/wp\/v2\/types\/post"}],"author":[{"embeddable":true,"href":"https:\/\/jeliebt.de\/tr\/wp-json\/wp\/v2\/users\/2"}],"replies":[{"embeddable":true,"href":"https:\/\/jeliebt.de\/tr\/wp-json\/wp\/v2\/comments?post=915"}],"version-history":[{"count":4,"href":"https:\/\/jeliebt.de\/tr\/wp-json\/wp\/v2\/posts\/915\/revisions"}],"predecessor-version":[{"id":3314,"href":"https:\/\/jeliebt.de\/tr\/wp-json\/wp\/v2\/posts\/915\/revisions\/3314"}],"wp:featuredmedia":[{"embeddable":true,"href":"https:\/\/jeliebt.de\/tr\/wp-json\/wp\/v2\/media\/923"}],"wp:attachment":[{"href":"https:\/\/jeliebt.de\/tr\/wp-json\/wp\/v2\/media?parent=915"}],"wp:term":[{"taxonomy":"category","embeddable":true,"href":"https:\/\/jeliebt.de\/tr\/wp-json\/wp\/v2\/categories?post=915"},{"taxonomy":"post_tag","embeddable":true,"href":"https:\/\/jeliebt.de\/tr\/wp-json\/wp\/v2\/tags?post=915"}],"curies":[{"name":"wp","href":"https:\/\/api.w.org\/{rel}","templated":true}]}}