{"id":3292,"date":"2025-01-16T15:45:45","date_gmt":"2025-01-16T14:45:45","guid":{"rendered":"https:\/\/jeliebt.de\/gercek-hayat-cennetten-bir-isaret-mi\/"},"modified":"2025-09-21T16:57:32","modified_gmt":"2025-09-21T14:57:32","slug":"gercek-hayat-cennetten-bir-isaret-mi","status":"publish","type":"post","link":"https:\/\/jeliebt.de\/tr\/gercek-hayat-cennetten-bir-isaret-mi\/","title":{"rendered":"GER\u00c7EK HAYAT \u2014 Cennetten bir i\u015faret mi?"},"content":{"rendered":"\n<p><strong>Phil\u00adipp Micken\u00adbe\u00adcker<\/strong> \u2018in (\u2020 09.06.2021) ya\u015fam \u00f6yk\u00fc\u00ads\u00fc\u00adne a\u015fi\u00adna olan her\u00adkes, \u0130zl\u00adand\u00ada\u2019ya yap\u00adt\u0131\u011f\u0131 yol\u00adcu\u00adluk\u00adta <strong>auror\u00ada\u00adlar<\/strong> dile\u00addi\u011fi\u00adni bilir. Yerel halk y\u0131l\u0131n bu zaman\u0131n\u00adda bun\u00adun pek <g id=\"gid_2\">m\u00fcm\u00adk\u00fcn<\/g> olma\u00add\u0131\u011f\u0131n\u0131 s\u00f6y\u00adle\u00addi. Ancak Phil\u00adip, Tan\u00adr\u0131\u2019\u00addan ken\u00addi\u00adsi\u00adni duy\u00addu\u011fun\u00adun bir <g id=\"gid_3\">i\u015fa\u00adre\u00adti<\/g> ola\u00adrak ona auror\u00ada\u00adlar g\u00f6n\u00adder\u00adme\u00adsi\u00adni ist\u00adedi. Ve ani\u00adden, beklen\u00adme\u00addik bir \u015fekil\u00adde auror\u00ada\u00adlar orta\u00adya \u00e7\u0131k\u00adt\u0131.   <\/p>\n\n<figure class=\"wp-block-embed is-type-video is-provider-youtube wp-block-embed-youtube wp-embed-aspect-16-9 wp-has-aspect-ratio\"><div class=\"wp-block-embed__wrapper\">\n<iframe title=\"Werde ich wieder gesund?\" width=\"800\" height=\"450\" src=\"https:\/\/www.youtube.com\/embed\/tfIHXqRVxNc?feature=oembed\" frameborder=\"0\" allow=\"accelerometer; autoplay; clipboard-write; encrypted-media; gyroscope; picture-in-picture; web-share\" referrerpolicy=\"strict-origin-when-cross-origin\" allowfullscreen><\/iframe>\n<\/div><\/figure>\n\n<figure class=\"wp-block-embed is-type-video is-provider-youtube wp-block-embed-youtube wp-embed-aspect-16-9 wp-has-aspect-ratio\"><div class=\"wp-block-embed__wrapper\">\n<iframe title=\"Polarlicht \u00fcber Deutschland (northern lights) 18.\/19. September 2023\" width=\"800\" height=\"450\" src=\"https:\/\/www.youtube.com\/embed\/cgP9CsVE4PI?feature=oembed\" frameborder=\"0\" allow=\"accelerometer; autoplay; clipboard-write; encrypted-media; gyroscope; picture-in-picture; web-share\" referrerpolicy=\"strict-origin-when-cross-origin\" allowfullscreen><\/iframe>\n<\/div><\/figure>\n\n<p>Fili\u00adpus bu i\u015fa\u00adre\u00adti Tan\u00adr\u0131\u2019n\u0131n onu iyile\u015f\u00adti\u00adre\u00adce\u011fi\u00adnin bir kan\u0131\u00adt\u0131 ola\u00adrak yor\u00adum\u00adla\u00add\u0131. Kan\u00adse\u00adri\u00adne ra\u011f\u00admen \u00e7ok uzun s\u00fcre ya\u015fa\u00admas\u0131\u00adna ra\u011f\u00admen \u00f6ld\u00fc. Ve me\u015fru soru \u015fudur: Bu sade\u00adce bir <g id=\"gid_0\">tes\u00adad\u00fcf m\u00fcy\u00add\u00fc yoksa<\/g> <g id=\"gid_1\">Tan\u00adr\u0131\u2019\u00addan<\/g> bir <g id=\"gid_1\">i\u015fa\u00adret<\/g> miy\u00addi? Ancak \u201cGer\u00ad\u00e7ek Hayat \u201c\u0131n d\u00fcnya pr\u00f6\u00admi\u00adyer\u00adinin yap\u0131l\u00add\u0131\u011f\u0131 g\u00fcn (18.09.23) Almanya \u00fczerinde <g id=\"gid_2\">auror\u00ada\u00adlar<\/g> g\u00f6r\u00fcl\u00add\u00fc.   <\/p>\n\n<p>Bunu duy\u00addu\u011fum\u00adda \u00e7ok etki\u00adlen\u00addim. Bunu Tan\u00adr\u0131\u2019n\u0131n Phil\u00adip\u00adp\u2019e ora\u00adda oldu\u011funu auror\u00ada\u00adlar arac\u0131l\u0131\u011f\u0131y\u00adla ger\u00ad\u00e7ek\u00adten g\u00f6s\u00adter\u00addi\u011fi\u00adne dair sev\u00adgi dolu bir tey\u00adidi ola\u00adrak g\u00f6r\u00fcyo\u00adrum. Auror\u00adalar\u0131n t\u00fcm zaman\u00adlar\u0131n pr\u00f6\u00admi\u00adyerin\u00adde g\u00f6r\u00fcn\u00fcr olmas\u0131n\u0131, bel\u00adki de bu \u015fekil\u00adde yor\u00adum\u00adlana\u00adbil\u00adecek, <g id=\"gid_0\">Tan\u00adr\u0131\u2019\u00addan gelen sev\u00adgi<\/g> dolu bir <g id=\"gid_0\">i\u015fa\u00adret<\/g> ola\u00adrak g\u00f6r\u00fcyo\u00adrum: \u201cPhil\u00adip\u00adp\u2019in umdu\u011fun\u00addan far\u00adkl\u0131 sonu\u00ad\u00e7lan\u00adsa bile: Ben hep ora\u00adday\u00add\u0131m. \u2014 Tan\u00adr\u0131\u201d. Filip\u2019in \u00f6l\u00fc\u00adm\u00fc\u00adn\u00fc anla\u00adya\u00admam ama Tan\u00adr\u0131\u2019n\u0131n Filip\u2019in ya\u015fam\u0131 ve \u00f6l\u00fcm\u00fc arac\u0131l\u0131\u011f\u0131y\u00adla <g id=\"gid_1\">mily\u00adon\u00adlar\u00adca<\/g> <g id=\"gid_2\">insa\u00adna<\/g> dokun\u00addu\u011funu ve onlar\u0131 ken\u00addi\u00adsi\u00adni ki\u015fi\u00adsel ola\u00adrak tan\u0131\u00adma\u00adya ve \u00f6l\u00fc\u00adm\u00fcn \u00f6te\u00adsi\u00adne ge\u00e7en sev\u00adgi\u00adsi\u00adni deney\u00adim\u00adle\u00admeye davet etmek ist\u00adedi\u011fi\u00adni kabul edi\u00adyo\u00adrum. \u0130sa \u015f\u00f6yle vaat eder: \u201cBen <g id=\"gid_3\">diri\u00adli\u015f<\/g> ve <g id=\"gid_4\">ya\u015fam\u0131m<\/g>. Bana iman eden \u00f6lse bile ya\u015fa\u00adya\u00adcak\u00adt\u0131r\u201d (\u0130nc\u00adil: Yuhan\u00adna 11 ayet 25). \u0130sa sade\u00adce bir dua uza\u00adkl\u0131\u011f\u0131nd\u00ada\u00add\u0131r. <g id=\"gid_5\">Bura\u00adda<\/g> onu ya\u015fam\u0131n\u0131\u00adza nas\u0131l davet ede\u00adbil\u00adece\u011fi\u00adniz hak\u00adk\u0131n\u00adda daha faz\u00adla bil\u00adgi edi\u00adne\u00adbi\u00adlir\u00adsi\u00adniz.     <\/p>\n","protected":false},"excerpt":{"rendered":"<p>Phil\u00adipp Micken\u00adbe\u00adcker \u2018in (\u2020 09.06.2021) ya\u015fam \u00f6yk\u00fc\u00ads\u00fc\u00adne a\u015fi\u00adna olan her\u00adkes, \u0130zl\u00adand\u00ada\u2019ya yap\u00adt\u0131\u011f\u0131 yol\u00adcu\u00adluk\u00adta auror\u00ada\u00adlar dile\u00addi\u011fi\u00adni bilir. Yerel halk y\u0131l\u0131n bu zaman\u0131n\u00adda bun\u00adun pek m\u00fcm\u00adk\u00fcn olma\u00add\u0131\u011f\u0131n\u0131 s\u00f6y\u00adle\u00addi. Ancak Phil\u00adip, Tan\u00adr\u0131\u2019\u00addan ken\u00addi\u00adsi\u00adni duy\u00addu\u011fun\u00adun bir i\u015fa\u00adre\u00adti ola\u00adrak ona auror\u00ada\u00adlar g\u00f6n\u00adder\u00adme\u00adsi\u00adni ist\u00adedi. Ve ani\u00adden, beklen\u00adme\u00addik bir \u015fekil\u00adde auror\u00ada\u00adlar orta\u00adya \u00e7\u0131k\u00adt\u0131. Fili\u00adpus bu i\u015fa\u00adre\u00adti Tan\u00adr\u0131\u2019n\u0131n onu iyile\u015f\u00adti\u00adre\u00adce\u011fi\u00adnin bir kan\u0131\u00adt\u0131 ola\u00adrak [\u2026]<\/p>\n","protected":false},"author":2,"featured_media":2121,"comment_status":"closed","ping_status":"closed","sticky":false,"template":"","format":"standard","meta":{"_acf_changed":false,"wp_typography_post_enhancements_disabled":false,"footnotes":""},"categories":[39],"tags":[],"class_list":["post-3292","post","type-post","status-publish","format-standard","has-post-thumbnail","hentry","category-blog-yazisi"],"acf":[],"_links":{"self":[{"href":"https:\/\/jeliebt.de\/tr\/wp-json\/wp\/v2\/posts\/3292","targetHints":{"allow":["GET"]}}],"collection":[{"href":"https:\/\/jeliebt.de\/tr\/wp-json\/wp\/v2\/posts"}],"about":[{"href":"https:\/\/jeliebt.de\/tr\/wp-json\/wp\/v2\/types\/post"}],"author":[{"embeddable":true,"href":"https:\/\/jeliebt.de\/tr\/wp-json\/wp\/v2\/users\/2"}],"replies":[{"embeddable":true,"href":"https:\/\/jeliebt.de\/tr\/wp-json\/wp\/v2\/comments?post=3292"}],"version-history":[{"count":1,"href":"https:\/\/jeliebt.de\/tr\/wp-json\/wp\/v2\/posts\/3292\/revisions"}],"predecessor-version":[{"id":3294,"href":"https:\/\/jeliebt.de\/tr\/wp-json\/wp\/v2\/posts\/3292\/revisions\/3294"}],"wp:featuredmedia":[{"embeddable":true,"href":"https:\/\/jeliebt.de\/tr\/wp-json\/wp\/v2\/media\/2121"}],"wp:attachment":[{"href":"https:\/\/jeliebt.de\/tr\/wp-json\/wp\/v2\/media?parent=3292"}],"wp:term":[{"taxonomy":"category","embeddable":true,"href":"https:\/\/jeliebt.de\/tr\/wp-json\/wp\/v2\/categories?post=3292"},{"taxonomy":"post_tag","embeddable":true,"href":"https:\/\/jeliebt.de\/tr\/wp-json\/wp\/v2\/tags?post=3292"}],"curies":[{"name":"wp","href":"https:\/\/api.w.org\/{rel}","templated":true}]}}