{"id":3285,"date":"2025-01-16T16:01:12","date_gmt":"2025-01-16T15:01:12","guid":{"rendered":"https:\/\/jeliebt.de\/philipp-oeluemuen-oetesinde-sevilmek-mi\/"},"modified":"2025-09-21T16:57:32","modified_gmt":"2025-09-21T14:57:32","slug":"philipp-oeluemuen-oetesinde-sevilmek-mi","status":"publish","type":"post","link":"https:\/\/jeliebt.de\/tr\/philipp-oeluemuen-oetesinde-sevilmek-mi\/","title":{"rendered":"Philipp \u2014 \u00d6l\u00fcm\u00fcn \u00f6tesinde sevilmek mi?"},"content":{"rendered":"\n<p>Phil\u00adipp Micken\u00adbe\u00adcker ile 24 Aral\u0131k 2020 tari\u00adhin\u00adde \u015fah\u00adsen tan\u0131\u015f\u00adma \u015fere\u00adfi\u00adne nail old\u00adum. Ken\u00addi\u00adsi alt\u0131 ay son\u00adra \u00f6ld\u00fc. Ama haya\u00adt\u0131 ve \u00f6l\u00fcm\u00fc <g id=\"gid_0\">mily\u00adon\u00adlar\u00adca insa\u00adna dokun\u00addu<\/g>. \u201cThe Real Life Guys\u201d ile tan\u0131nan <g id=\"gid_1\">influen\u00adcer<\/g>, nere\u00addey\u00adse t\u00fcm tan\u0131n\u00adm\u0131\u015f talk show pro\u00adgram\u00adlar\u0131n\u00adda yer ald\u0131. R\u00f6por\u00adta\u00adjlar\u0131n\u00adda, kans\u00aderle devam eden sava\u015f\u0131\u00adna ra\u011f\u00admen <g id=\"gid_2\">otan\u00adtik bir ne\u015fe<\/g> ve <g id=\"gid_3\">huzur<\/g> yay\u00add\u0131. <g id=\"gid_4\">\u0130sa\u2019n\u0131n g\u00fc\u00e7 ve umut kay\u00adna\u011f\u0131 oldu\u011funu<\/g> defa\u00adl\u00adar\u00adca vur\u00adgu\u00adla\u00add\u0131. \u0130sa taraf\u0131n\u00addan ger\u00ad\u00e7ek\u00adten sevil\u00addi\u011fi\u00adni hisse\u00addi\u00adyor gibi\u00ady\u00addi: \u201cYa\u015fa\u00adsam da \u00f6lsem de \u2014 \u0130sa\u2019ya g\u00fcve\u00adni\u00adyo\u00adrum\u201d. Ama g\u00f6r\u00ade\u00adme\u00addi\u011fi\u00adniz biri taraf\u0131n\u00addan sevil\u00addi\u011fi\u00adni\u00adzi nas\u0131l hisse\u00adde\u00adbi\u00adlir\u00adsi\u00adniz?       <\/p>\n\n<p>T\u0131p\u00adk\u0131 r\u00fcz\u00adg\u00e2r\u0131 g\u00f6r\u00ade\u00adme\u00addi\u011fi\u00adniz ama etki\u00adle\u00adri\u00adni hisse\u00adde\u00adbil\u00addi\u011fi\u00adniz gibi, \u0130sa\u2019y\u0131 deney\u00adim\u00adle\u00addi ve ond\u00adan gelen bu <strong>derin i\u00e7 huzu\u00adru<\/strong> ya\u015fa\u00add\u0131. Bu,<g id=\"gid_1\"> \u00f6l\u00fcm saa\u00adtin\u00adde<\/g> bile huzur i\u00e7in\u00adde uyu\u00admas\u0131\u00adna ve cen\u00adnet\u00adte\u00adki Bab\u00adas\u0131\u00adna git\u00adme\u00adsi\u00adne izin ver\u00addi. \u201cBana iman eden her\u00adkes mah\u00advol\u00adma\u00adya\u00adcak, Tan\u00adr\u0131 kat\u0131n\u00adda son\u00adsuz ya\u015fa\u00adma kavu\u015fa\u00adcak\u00adt\u0131r\u201d (\u0130nc\u00adil\u2019e g\u00f6re Yuhan\u00adna 3 ayet 16) s\u00f6z\u00fc\u00adn\u00fc veren \u0130sa\u2019n\u0131n dave\u00adti\u00adni kabul etmi\u015f\u00adti. R\u00f6por\u00adta\u00adjlar\u00adda (a\u015fa\u011f\u0131ya bak\u0131n\u0131z), <g id=\"gid_2\">m\u00fcca\u00addele\u00adlerinden<\/g> ve ayn\u0131 zaman\u00adda \u00f6l\u00fc\u00adm\u00fcn \u00f6te\u00adsi\u00adne ge\u00e7en <g id=\"gid_3\">umud\u00adun\u00addan<\/g> a\u00e7\u0131k\u00ad\u00e7a bah\u00adse\u00addi\u00adyor.   <\/p>\n\n<p>Not: \u0130sa\u2019y\u0131 ya\u015fam\u0131n\u0131\u00adza nas\u0131l davet ede\u00adce\u011fi\u00adniz hak\u00adk\u0131n\u00adda daha faz\u00adla bil\u00adgi edin\u00admek isti\u00adyor\u00adsan\u0131z <a href=\"https:\/\/jeliebt.de\/tr\/?page_id=1926\" data-type=\"page\" data-id=\"1922\">bura\u00adya<\/a> t\u0131klay\u0131n.<\/p>\n\n<figure class=\"wp-block-embed is-type-video is-provider-youtube wp-block-embed-youtube wp-embed-aspect-16-9 wp-has-aspect-ratio\"><div class=\"wp-block-embed__wrapper\">\n<iframe title=\"Philipps Beerdigung\" width=\"800\" height=\"450\" src=\"https:\/\/www.youtube.com\/embed\/HZq5kGuZAvw?feature=oembed\" frameborder=\"0\" allow=\"accelerometer; autoplay; clipboard-write; encrypted-media; gyroscope; picture-in-picture; web-share\" referrerpolicy=\"strict-origin-when-cross-origin\" allowfullscreen><\/iframe>\n<\/div><\/figure>\n\n<p><strong>Real Life Song by the O\u2019Bros<\/strong><br>Bu \u015far\u00adk\u0131 insan\u0131n i\u00e7i\u00adne i\u015fli\u00adyor ve Phil\u00adip\u00adp\u2019in i\u00e7in\u00adde ta\u015f\u0131\u00add\u0131\u011f\u0131 <strong>umu\u00addu<\/strong> anla\u00adt\u0131yor.<\/p>\n\n<figure class=\"wp-block-embed is-type-video is-provider-youtube wp-block-embed-youtube wp-embed-aspect-16-9 wp-has-aspect-ratio\"><div class=\"wp-block-embed__wrapper\">\nhttps:\/\/youtube.com\/watch?v=FzGovGDhIJA\n<\/div><\/figure>\n\n<p>Belg\u00adesel <strong>NDR\u2019\u00adden<\/strong><br>Bu belg\u00adesel Phil\u00adip\u00adp\u2019in <strong>hastal\u0131\u011f\u0131n\u0131 <\/strong>ve bun\u00adun\u00adla nas\u0131l ba\u015fa \u00e7\u0131k\u00adt\u0131\u011f\u0131n\u0131 anla\u00adt\u0131yor.<\/p>\n\n<figure class=\"wp-block-embed is-type-video is-provider-youtube wp-block-embed-youtube wp-embed-aspect-16-9 wp-has-aspect-ratio\"><div class=\"wp-block-embed__wrapper\">\n<iframe title=\"&quot;Ob ich lebe oder sterbe - ich vertraue Jesus&quot;\" width=\"800\" height=\"450\" src=\"https:\/\/www.youtube.com\/embed\/KOIf0mI5TS0?feature=oembed\" frameborder=\"0\" allow=\"accelerometer; autoplay; clipboard-write; encrypted-media; gyroscope; picture-in-picture; web-share\" referrerpolicy=\"strict-origin-when-cross-origin\" allowfullscreen><\/iframe>\n<\/div><\/figure>\n\n<p><strong>ERF Mensch\u00adGott<\/strong>\u2019un r\u00f6por\u00adta\u00adj\u0131<br>Bu r\u00f6por\u00adtaj\u00adda Phil\u00adipp, <strong>inan\u00adc\u0131n\u0131n <\/strong>onu hayat\u00adta nas\u0131l des\u00adtekle\u00addi\u011fi\u00adne dair bir <strong>fikir<\/strong> ver\u00adi\u00adyor.<\/p>\n\n<figure class=\"wp-block-embed is-type-video is-provider-youtube wp-block-embed-youtube wp-embed-aspect-16-9 wp-has-aspect-ratio\"><div class=\"wp-block-embed__wrapper\">\n<iframe title=\"Philipps Beerdigung\" width=\"800\" height=\"450\" src=\"https:\/\/www.youtube.com\/embed\/HZq5kGuZAvw?feature=oembed\" frameborder=\"0\" allow=\"accelerometer; autoplay; clipboard-write; encrypted-media; gyroscope; picture-in-picture; web-share\" referrerpolicy=\"strict-origin-when-cross-origin\" allowfullscreen><\/iframe>\n<\/div><\/figure>\n\n<p>Cen\u00ada\u00adze <strong>t\u00f6reni<\/strong><br>\u0130\u015fte Phil\u00adip\u00adp\u2019in k\u0131sal\u00adt\u0131l\u00admam\u0131\u015f cen\u00ada\u00adze <strong>t\u00f6reni <\/strong>. Dile\u011fi ins\u00adan\u00adlar\u0131n bey\u00adaz\u00adlar i\u00e7in\u00adde gel\u00adme\u00adsi\u00ady\u00addi\u2026 <\/p>\n","protected":false},"excerpt":{"rendered":"<p>Phil\u00adipp Micken\u00adbe\u00adcker ile 24 Aral\u0131k 2020 tari\u00adhin\u00adde \u015fah\u00adsen tan\u0131\u015f\u00adma \u015fere\u00adfi\u00adne nail old\u00adum. Ken\u00addi\u00adsi alt\u0131 ay son\u00adra \u00f6ld\u00fc. Ama haya\u00adt\u0131 ve \u00f6l\u00fcm\u00fc mily\u00adon\u00adlar\u00adca insa\u00adna dokun\u00addu. \u201cThe Real Life Guys\u201d ile tan\u0131nan influen\u00adcer, nere\u00addey\u00adse t\u00fcm tan\u0131n\u00adm\u0131\u015f talk show pro\u00adgram\u00adlar\u0131n\u00adda yer ald\u0131. R\u00f6por\u00adta\u00adjlar\u0131n\u00adda, kans\u00aderle devam eden sava\u015f\u0131\u00adna ra\u011f\u00admen otan\u00adtik bir ne\u015fe ve huzur yay\u00add\u0131. \u0130sa\u2019n\u0131n g\u00fc\u00e7 ve umut [\u2026]<\/p>\n","protected":false},"author":2,"featured_media":2129,"comment_status":"closed","ping_status":"closed","sticky":false,"template":"","format":"standard","meta":{"_acf_changed":false,"wp_typography_post_enhancements_disabled":false,"footnotes":""},"categories":[39],"tags":[],"class_list":["post-3285","post","type-post","status-publish","format-standard","has-post-thumbnail","hentry","category-blog-yazisi"],"acf":[],"_links":{"self":[{"href":"https:\/\/jeliebt.de\/tr\/wp-json\/wp\/v2\/posts\/3285","targetHints":{"allow":["GET"]}}],"collection":[{"href":"https:\/\/jeliebt.de\/tr\/wp-json\/wp\/v2\/posts"}],"about":[{"href":"https:\/\/jeliebt.de\/tr\/wp-json\/wp\/v2\/types\/post"}],"author":[{"embeddable":true,"href":"https:\/\/jeliebt.de\/tr\/wp-json\/wp\/v2\/users\/2"}],"replies":[{"embeddable":true,"href":"https:\/\/jeliebt.de\/tr\/wp-json\/wp\/v2\/comments?post=3285"}],"version-history":[{"count":1,"href":"https:\/\/jeliebt.de\/tr\/wp-json\/wp\/v2\/posts\/3285\/revisions"}],"predecessor-version":[{"id":3287,"href":"https:\/\/jeliebt.de\/tr\/wp-json\/wp\/v2\/posts\/3285\/revisions\/3287"}],"wp:featuredmedia":[{"embeddable":true,"href":"https:\/\/jeliebt.de\/tr\/wp-json\/wp\/v2\/media\/2129"}],"wp:attachment":[{"href":"https:\/\/jeliebt.de\/tr\/wp-json\/wp\/v2\/media?parent=3285"}],"wp:term":[{"taxonomy":"category","embeddable":true,"href":"https:\/\/jeliebt.de\/tr\/wp-json\/wp\/v2\/categories?post=3285"},{"taxonomy":"post_tag","embeddable":true,"href":"https:\/\/jeliebt.de\/tr\/wp-json\/wp\/v2\/tags?post=3285"}],"curies":[{"name":"wp","href":"https:\/\/api.w.org\/{rel}","templated":true}]}}