{"id":5379,"date":"2025-01-16T16:26:24","date_gmt":"2025-01-16T15:26:24","guid":{"rendered":"https:\/\/jeliebt.de\/mi-gran-amor\/"},"modified":"2026-04-29T00:45:58","modified_gmt":"2026-04-28T22:45:58","slug":"mi-gran-amor","status":"publish","type":"post","link":"https:\/\/jeliebt.de\/es\/mi-gran-amor\/","title":{"rendered":"Mi gran amor"},"content":{"rendered":"\n<p>Hoy voy a contar\u00adte c\u00f3mo encon\u00adtr\u00e9 <strong>al amor de mi vida<\/strong>. As\u00ed que pon\u00adte c\u00f3mo\u00addo con un capuch\u00adi\u00adno y ven con\u00admi\u00adgo a mi mun\u00addo. Hubo una \u00e9po\u00adca de mi vida en la que no dese\u00ada\u00adba nada m\u00e1s que una <strong>novia<\/strong>. Y fue pre\u00adci\u00adsa\u00admen\u00adte este deseo lo que lle\u00adv\u00e9 a Dios. Pero suce\u00addi\u00f3.\u2026 NADA. Pas\u00adaron meses y a\u00f1os. \u00bfPor qu\u00e9 fun\u00adci\u00adon\u00f3 para los dem\u00e1s y no para m\u00ed? \u00bfEscuch\u00f3 Dios mi ora\u00adci\u00f3n o fue todo una <strong>ilu\u00adsi\u00f3n<\/strong>? Estas y otras preg\u00adun\u00adtas zum\u00adbab\u00adan en mi cabe\u00adza.         <\/p>\n\n<p>Y enton\u00adces lle\u00adg\u00f3 el d\u00eda X, en el que cono\u00adc\u00ed a una mujer que me pare\u00adci\u00f3 m\u00e1s que inte\u00adres\u00adan\u00adte, y que parec\u00eda sen\u00adtir lo mis\u00admo por m\u00ed. Como viv\u00ed\u00ada\u00admos a 500 kil\u00f3\u00adme\u00adtros de distancia, tuvi\u00admos tiem\u00adpo sufi\u00adci\u00aden\u00adte para cono\u00adcer\u00adnos muy bien por tel\u00e9\u00adfo\u00adno y por escri\u00adto, y expe\u00adri\u00admen\u00adta\u00admos que <strong>las mari\u00adpo\u00adsas<\/strong> tam\u00adbi\u00e9n pue\u00adden volar a tra\u00adv\u00e9s del tel\u00e9\u00adfo\u00adno. <\/p>\n\n<h2 class=\"wp-block-heading\">\u201c\u00bfQuieres casarte conmigo?\u201d<\/h2>\n\n<p>Una vez toma\u00adda la decis\u00adi\u00f3n de que que\u00adr\u00eda pasar mi vida con esta mujer, le ped\u00ed que se casa\u00adra con\u00admi\u00adgo. Para dar\u00adle a todo un toque espe\u00adcial, me deci\u00add\u00ed por el lugar del que Stef\u00adfi hab\u00eda hab\u00adla\u00addo mara\u00advil\u00adlas a menu\u00addo: <strong>Qued\u00adlin\u00adburg<\/strong>. Ele\u00adg\u00ed la <strong>roca de are\u00adnis\u00adca<\/strong> m\u00e1s boni\u00adta (hay que reco\u00adno\u00adcer que era la \u00fani\u00adca) que pude encon\u00adtrar cer\u00adca y cre\u00e9 mi pro\u00adpio geo\u00adcach\u00e9 en el que colo\u00adqu\u00e9 el anil\u00adlo de com\u00adpromiso. As\u00ed que el anil\u00adlo esper\u00f3 soli\u00adta\u00adrio y <strong>enter\u00adra\u00addo<\/strong> a su nue\u00adva due\u00ad\u00f1a, que estaba a unos 300 kil\u00f3\u00adme\u00adtros de distancia y a la que pri\u00adme\u00adro ten\u00eda que atraer has\u00adta aqu\u00ed. Has\u00adta enton\u00adces, espe\u00adra\u00adba que no se encon\u00adtra\u00adra otro due\u00ad\u00f1o mien\u00adtras tan\u00adto. De todas formas, el oro blan\u00adco no era reco\u00adno\u00adci\u00adb\u00adle como oro para nin\u00adg\u00fan pro\u00adfa\u00adno y s\u00f3lo cab\u00eda en dedos est\u00adrechos. \u00bfQu\u00e9 pod\u00eda salir mal? Dos d\u00edas des\u00adpu\u00e9s, sal\u00ed con Stef\u00adfi. Por supues\u00adto, ella <strong>no<\/strong> sab\u00eda <strong>NADA<\/strong> y ni <strong>siquie\u00adra<\/strong> hab\u00eda espe\u00adcu\u00adla\u00addo con sus ami\u00adgas sob\u00adre si se lo pedi\u00adr\u00eda ; ) Las excur\u00adsio\u00adnes de 300 km son lo m\u00e1s nor\u00admal del mun\u00addo en un d\u00eda de oto\u00ad\u00f1o como \u00e9ste. Pude <strong>sor\u00adpren\u00adder\u00adla<\/strong>, al menos en par\u00adte, por\u00adque me hice el des\u00adpista\u00addo todo el tiem\u00adpo y, cuan\u00addo encon\u00adtr\u00f3 el anil\u00adlo, se que\u00add\u00f3 un poco per\u00adple\u00adja. Afort\u00aduna\u00adda\u00admen\u00adte, no fue por\u00adque le preg\u00adun\u00adt\u00ada\u00adra si que\u00adr\u00eda ser mi espo\u00adsa. Respon\u00addi\u00f3 con un escue\u00adto \u201cs\u00ed\u201d, que signi\u00adfi\u00adca\u00adba \u201cquie\u00adro\u201d, e inme\u00addia\u00adta\u00admen\u00adte sigui\u00f3 con la preg\u00adun\u00adta \u201c\u00bfc\u00f3mo ha lle\u00adga\u00addo el anil\u00adlo has\u00adta aqu\u00ed?\u201d. Una vez acla\u00adra\u00addos estos importan\u00adtes hechos, dijo algo que me lle\u00adg\u00f3 al cora\u00adz\u00f3n. Me dijo que no que\u00adr\u00eda con\u00adt\u00e1r\u00adme\u00adlo antes de com\u00adpro\u00adme\u00adter\u00adnos por\u00adque no que\u00adr\u00eda influir en mi decis\u00adi\u00f3n. **Unos cin\u00adco a\u00f1os antes, se hab\u00eda <strong>levan\u00adta\u00addo<\/strong> por la ma\u00f1a\u00adna y hab\u00eda teni\u00addo los sigu\u00adi\u00aden\u00adtes pen\u00adsa\u00admi\u00adent\u00ados en la cabe\u00adza: <strong>\u201cTu mari\u00addo se llamar\u00e1 Jona\u00adthan alg\u00fan d\u00eda\u201d.<\/strong> Estos pen\u00adsa\u00admi\u00adent\u00ados estab\u00adan conec\u00adta\u00addos con una pro\u00adfun\u00adda cer\u00adte\u00adza y ella sab\u00eda que s\u00f3lo Dios pod\u00eda hab\u00adlar\u00adle as\u00ed. En aquel momen\u00adto no cono\u00adc\u00eda a Jona\u00adt\u00e1n y se preg\u00adun\u00adta\u00adba todo el tiem\u00adpo por qu\u00e9 Dios se lo hab\u00eda dicho tan cla\u00adra\u00admen\u00adte. S\u00f3lo cuan\u00addo se reu\u00adni\u00f3 con\u00admi\u00adgo recor\u00add\u00f3 esta situ\u00adaci\u00f3n de enton\u00adces. Y aqu\u00ed vie\u00adne lo bue\u00adno: fue exac\u00adta\u00admen\u00adte en ese momen\u00adto cuan\u00addo le preg\u00adun\u00adt\u00e9 a Dios, casi acus\u00e1n\u00addo\u00adle: \u201c\u00bfPor qu\u00e9 no respon\u00addes a mis ora\u00adcio\u00adnes para que ten\u00adga un com\u00adpa\u00ad\u00f1e\u00adro?                   <strong>\u00bfTe lle\u00adgan mis ora\u00adcio\u00adnes?<\/strong>\u201cCuan\u00addo Stef\u00adfi me dijo esto, mi cora\u00adz\u00f3n se sin\u00adti\u00f3 toca\u00addo por el amor de Dios y me di cuen\u00adta de que hab\u00eda escuch\u00ada\u00addo mis pleg\u00ada\u00adri\u00adas des\u00adde el momen\u00adto en que las pro\u00adnun\u00adci\u00e9. Enton\u00adces no era el momen\u00adto adecua\u00addo y, miran\u00addo atr\u00e1s, puedo decir con ple\u00adna con\u00advic\u00adci\u00f3n: fue algo <strong>muy bue\u00adno<\/strong> y, si pudie\u00adra vol\u00adver a vivir aquellos a\u00f1os, lo har\u00eda todo de nue\u00advo. <\/p>\n","protected":false},"excerpt":{"rendered":"<p>Hoy voy a contar\u00adte c\u00f3mo encon\u00adtr\u00e9 al amor de mi vida. As\u00ed que pon\u00adte c\u00f3mo\u00addo con un capuch\u00adi\u00adno y ven con\u00admi\u00adgo a mi mun\u00addo. Hubo una \u00e9po\u00adca de mi vida en la que no dese\u00ada\u00adba nada m\u00e1s que una novia. Y fue pre\u00adci\u00adsa\u00admen\u00adte este deseo lo que lle\u00adv\u00e9 a Dios. Pero suce\u00addi\u00f3.\u2026 NADA. Pas\u00adaron meses [\u2026]<\/p>\n","protected":false},"author":2,"featured_media":5380,"comment_status":"closed","ping_status":"closed","sticky":false,"template":"","format":"standard","meta":{"_acf_changed":false,"wp_typography_post_enhancements_disabled":false,"footnotes":""},"categories":[111],"tags":[],"class_list":["post-5379","post","type-post","status-publish","format-standard","has-post-thumbnail","hentry","category-entrada-del-blog"],"acf":[],"_links":{"self":[{"href":"https:\/\/jeliebt.de\/es\/wp-json\/wp\/v2\/posts\/5379","targetHints":{"allow":["GET"]}}],"collection":[{"href":"https:\/\/jeliebt.de\/es\/wp-json\/wp\/v2\/posts"}],"about":[{"href":"https:\/\/jeliebt.de\/es\/wp-json\/wp\/v2\/types\/post"}],"author":[{"embeddable":true,"href":"https:\/\/jeliebt.de\/es\/wp-json\/wp\/v2\/users\/2"}],"replies":[{"embeddable":true,"href":"https:\/\/jeliebt.de\/es\/wp-json\/wp\/v2\/comments?post=5379"}],"version-history":[{"count":1,"href":"https:\/\/jeliebt.de\/es\/wp-json\/wp\/v2\/posts\/5379\/revisions"}],"predecessor-version":[{"id":5381,"href":"https:\/\/jeliebt.de\/es\/wp-json\/wp\/v2\/posts\/5379\/revisions\/5381"}],"wp:featuredmedia":[{"embeddable":true,"href":"https:\/\/jeliebt.de\/es\/wp-json\/wp\/v2\/media\/5380"}],"wp:attachment":[{"href":"https:\/\/jeliebt.de\/es\/wp-json\/wp\/v2\/media?parent=5379"}],"wp:term":[{"taxonomy":"category","embeddable":true,"href":"https:\/\/jeliebt.de\/es\/wp-json\/wp\/v2\/categories?post=5379"},{"taxonomy":"post_tag","embeddable":true,"href":"https:\/\/jeliebt.de\/es\/wp-json\/wp\/v2\/tags?post=5379"}],"curies":[{"name":"wp","href":"https:\/\/api.w.org\/{rel}","templated":true}]}}