{"id":5338,"date":"2025-01-05T13:24:16","date_gmt":"2025-01-05T12:24:16","guid":{"rendered":"https:\/\/jeliebt.de\/lauren-daigle-tu-diras\/"},"modified":"2026-04-29T00:45:43","modified_gmt":"2026-04-28T22:45:43","slug":"lauren-daigle-tu-diras","status":"publish","type":"post","link":"https:\/\/jeliebt.de\/es\/lauren-daigle-tu-diras\/","title":{"rendered":"Lauren Daigle \u2014 \u201cT\u00fa dir\u00e1s\u201d"},"content":{"rendered":"\n<p>\u00bfCono\u00adces esa sen\u00adsa\u00adci\u00f3n de nun\u00adca ser sufi\u00adci\u00aden\u00adte en todo lo que haces? De eso tra\u00adta exac\u00adta\u00admen\u00adte la can\u00adci\u00f3n \u201cYou say\u201d de Lau\u00adren Daigle, en la que da una visi\u00f3n hones\u00adta de sus pen\u00adsa\u00admi\u00adent\u00ados. A su preg\u00adun\u00adta <strong>\u201c\u00bfSoy algo m\u00e1s que la suma de todos los alti\u00adba\u00adjos?\u201d<\/strong>, reci\u00adbe una respues\u00adta que le cam\u00adbia la vida y le da <strong>valor<\/strong> e<strong> ident\u00adi\u00addad<\/strong>. Encuen\u00adtra su ident\u00adi\u00addad no en su actu\u00adaci\u00f3n, ni en el jui\u00adcio de otras per\u00adso\u00adnas, ni en su \u00e9xi\u00adto y fama como can\u00adtan\u00adte, sino en qui\u00aden pue\u00adde dar\u00adle su ver\u00addade\u00adro valor e ident\u00adi\u00addad:   <\/p>\n\n<div class=\"wp-block-columns is-layout-flex wp-container-core-columns-is-layout-28f84493 wp-block-columns-is-layout-flex\">\n<div class=\"wp-block-column is-layout-flow wp-block-column-is-layout-flow\">\n<figure class=\"wp-block-embed is-type-video is-provider-youtube wp-block-embed-youtube wp-embed-aspect-16-9 wp-has-aspect-ratio\"><div class=\"wp-block-embed__wrapper\">\n<iframe title=\"Lauren Daigle - You Say (Lyric Video)\" width=\"800\" height=\"450\" src=\"https:\/\/www.youtube.com\/embed\/N8WK9HmF53w?feature=oembed\" frameborder=\"0\" allow=\"accelerometer; autoplay; clipboard-write; encrypted-media; gyroscope; picture-in-picture; web-share\" referrerpolicy=\"strict-origin-when-cross-origin\" allowfullscreen><\/iframe>\n<\/div><\/figure>\n<\/div>\n<\/div>\n\n<p>Con Dios mis\u00admo. Por\u00adque \u00c9l la hizo, cono\u00adce su valor y pue\u00adde dar\u00adle una respues\u00adta fia\u00adble. Esta pro\u00adfun\u00adda con\u00advic\u00adci\u00f3n se expre\u00adsa en su <strong>di\u00e1\u00adlo\u00adgo con Dios<\/strong>, que tam\u00adbi\u00e9n llama\u00admos \u201cora\u00adci\u00f3n\u201d:  <\/p>\n\n<blockquote class=\"wp-block-quote is-layout-flow wp-block-quote-is-layout-flow\">\n<p>\u201cDices que soy ama\u00adda, aun\u00adque aho\u00adra no pueda sen\u00adtir\u00adlo. Dices que soy fuer\u00adte cuan\u00addo me sien\u00adto d\u00e9bil. Dices que soy <strong>sos\u00adteni\u00addo<\/strong> cuan\u00addo sien\u00adto que me quedo cor\u00adto. Cuan\u00addo no per\u00adte\u00adnez\u00adco, dices que <strong>te per\u00adte\u00adnez\u00adco<\/strong>. Yo creo. Lo \u00fani\u00adco que impor\u00adta es lo que pien\u00adsas de m\u00ed. He encon\u00adtra\u00addo mi <strong>valor<\/strong> y mi <strong>ident\u00adi\u00addad<\/strong> en ti\u201d.      <\/p>\n<\/blockquote>\n\n<p>\u00bfPor qu\u00e9 Lau\u00adren Daigle lo con\u00adfie\u00adsa tan abier\u00adta\u00admen\u00adte en su can\u00adci\u00f3n? Por\u00adque ha cam\u00adbia\u00addo nota\u00adblem\u00aden\u00adte su vida. T\u00fa tam\u00adbi\u00e9n pue\u00addes expe\u00adri\u00admen\u00adtar\u00adlo cuan\u00addo invi\u00adtas a Jes\u00fas a tu vida y le pides que te muest\u00adre tu valor y tu ident\u00adi\u00addad. <strong>Int\u00e9n\u00adta\u00adlo<\/strong>. Jes\u00fas est\u00e1 a s\u00f3lo una ora\u00adci\u00f3n de distancia. <a href=\"https:\/\/jeliebt.de\/jesus-kennenlernen\/\" data-type=\"page\" data-id=\"1922\">Aqu\u00ed<\/a> pue\u00addes des\u00adcu\u00adbrir c\u00f3mo invi\u00adtar a Jes\u00fas a tu vida.   <\/p>\n\n<div class=\"wp-block-columns is-layout-flex wp-container-core-columns-is-layout-28f84493 wp-block-columns-is-layout-flex\">\n<div class=\"wp-block-column is-layout-flow wp-block-column-is-layout-flow\">\n<figure class=\"wp-block-embed is-type-video is-provider-youtube wp-block-embed-youtube wp-embed-aspect-16-9 wp-has-aspect-ratio\"><div class=\"wp-block-embed__wrapper\">\n<iframe title=\"Du sagst (Deutsche Version von &quot;You Say&quot; \/ Lauren Daigle)\" width=\"800\" height=\"450\" src=\"https:\/\/www.youtube.com\/embed\/O93-BNDgUUI?feature=oembed\" frameborder=\"0\" allow=\"accelerometer; autoplay; clipboard-write; encrypted-media; gyroscope; picture-in-picture; web-share\" referrerpolicy=\"strict-origin-when-cross-origin\" allowfullscreen><\/iframe>\n<\/div><\/figure>\n<\/div>\n<\/div>\n","protected":false},"excerpt":{"rendered":"<p>\u00bfCono\u00adces esa sen\u00adsa\u00adci\u00f3n de nun\u00adca ser sufi\u00adci\u00aden\u00adte en todo lo que haces? De eso tra\u00adta exac\u00adta\u00admen\u00adte la can\u00adci\u00f3n \u201cYou say\u201d de Lau\u00adren Daigle, en la que da una visi\u00f3n hones\u00adta de sus pen\u00adsa\u00admi\u00adent\u00ados. A su preg\u00adun\u00adta \u201c\u00bfSoy algo m\u00e1s que la suma de todos los alti\u00adba\u00adjos?\u201d, reci\u00adbe una respues\u00adta que le cam\u00adbia la vida y [\u2026]<\/p>\n","protected":false},"author":2,"featured_media":5339,"comment_status":"closed","ping_status":"closed","sticky":false,"template":"","format":"standard","meta":{"_acf_changed":false,"wp_typography_post_enhancements_disabled":false,"footnotes":""},"categories":[111],"tags":[],"class_list":["post-5338","post","type-post","status-publish","format-standard","has-post-thumbnail","hentry","category-entrada-del-blog"],"acf":[],"_links":{"self":[{"href":"https:\/\/jeliebt.de\/es\/wp-json\/wp\/v2\/posts\/5338","targetHints":{"allow":["GET"]}}],"collection":[{"href":"https:\/\/jeliebt.de\/es\/wp-json\/wp\/v2\/posts"}],"about":[{"href":"https:\/\/jeliebt.de\/es\/wp-json\/wp\/v2\/types\/post"}],"author":[{"embeddable":true,"href":"https:\/\/jeliebt.de\/es\/wp-json\/wp\/v2\/users\/2"}],"replies":[{"embeddable":true,"href":"https:\/\/jeliebt.de\/es\/wp-json\/wp\/v2\/comments?post=5338"}],"version-history":[{"count":1,"href":"https:\/\/jeliebt.de\/es\/wp-json\/wp\/v2\/posts\/5338\/revisions"}],"predecessor-version":[{"id":5340,"href":"https:\/\/jeliebt.de\/es\/wp-json\/wp\/v2\/posts\/5338\/revisions\/5340"}],"wp:featuredmedia":[{"embeddable":true,"href":"https:\/\/jeliebt.de\/es\/wp-json\/wp\/v2\/media\/5339"}],"wp:attachment":[{"href":"https:\/\/jeliebt.de\/es\/wp-json\/wp\/v2\/media?parent=5338"}],"wp:term":[{"taxonomy":"category","embeddable":true,"href":"https:\/\/jeliebt.de\/es\/wp-json\/wp\/v2\/categories?post=5338"},{"taxonomy":"post_tag","embeddable":true,"href":"https:\/\/jeliebt.de\/es\/wp-json\/wp\/v2\/tags?post=5338"}],"curies":[{"name":"wp","href":"https:\/\/api.w.org\/{rel}","templated":true}]}}