{"id":5328,"date":"2025-01-05T13:41:01","date_gmt":"2025-01-05T12:41:01","guid":{"rendered":"https:\/\/jeliebt.de\/puedo-presentarte\/"},"modified":"2026-04-29T00:45:43","modified_gmt":"2026-04-28T22:45:43","slug":"puedo-presentarte","status":"publish","type":"post","link":"https:\/\/jeliebt.de\/es\/puedo-presentarte\/","title":{"rendered":"\u00bfPuedo presentarte?"},"content":{"rendered":"\n<p><strong>\u201cTe quie\u00adro tan\u00adto<\/strong> que incluso <strong>sacri\u00adfi\u00adca\u00adr\u00eda<\/strong> <strong>mi vida<\/strong> por ti\u201d, as\u00ed es como se descri\u00adbe a s\u00ed mis\u00adma la per\u00adso\u00adna que me gusta\u00adr\u00eda pre\u00adsentar\u00adte aqu\u00ed. Y lo espe\u00adcial es que lo hace <strong>sin nada a cam\u00adbio<\/strong>. Aun\u00adque no se sien\u00adta cor\u00adre\u00adspon\u00addi\u00adda. \u00bfEs eso posi\u00adble? Pare\u00adce muy poco rea\u00adlis\u00adta. Por supues\u00adto, mucha gen\u00adte hab\u00adla de ello y te pro\u00adme\u00adte el cie\u00adlo azul. Pero, \u00bfcuan\u00addo real\u00admen\u00adte lle\u00adga el momen\u00adto? \u00bfCuan\u00addo la cosa se pone real\u00admen\u00adte seria? \u00bfTe enf\u00adren\u00adtas a la disyun\u00adti\u00adva de sal\u00advar tu pro\u00adpia vida o la de la otra per\u00adso\u00adna (a la que pue\u00adde que ni siquie\u00adra le gus\u00adtes)? Lle\u00adgu\u00e9 a cono\u00adcer de ver\u00addad a esta per\u00adso\u00adna y expe\u00adri\u00admen\u00adt\u00e9 que hab\u00adla\u00adba en serio: Su nombre es Jes\u00fas.         Qui\u00adz\u00e1 ya hayas o\u00eddo hab\u00adlar de \u00e9l. Tal vez te hayas forma\u00addo una idea de \u00e9l o lo hayas des\u00adcar\u00adta\u00addo como un buen tipo des\u00adde ante\u00aday\u00ader. Pero, \u00bfpuedo invit\u00adar\u00adte a que vuel\u00advas a cono\u00adcer\u00adle sin reser\u00advas? Por supues\u00adto, hay una gran dife\u00adren\u00adcia ent\u00adre o\u00edr s\u00f3lo algu\u00adnas cosas sob\u00adre \u00e9l o lleg\u00adar a cono\u00adcer\u00adlo per\u00adso\u00adnal\u00admen\u00adte. Pero hab\u00adla\u00adre\u00admos de ello m\u00e1s adel\u00adan\u00adte. En pri\u00admer lugar, he aqu\u00ed algu\u00adnos pun\u00adtos sob\u00adre por qu\u00e9 creo que real\u00admen\u00adte es \u201cla per\u00adso\u00adni\u00adfi\u00adca\u00adci\u00f3n del amor\u201d:     <\/p>\n\n<ul class=\"wp-block-list\">\n<li>Cum\u00adpli\u00f3 su pro\u00adpia pro\u00adme\u00adsa <strong>sacri\u00adfi\u00adcan\u00addo<\/strong> su <strong>vida por noso\u00adtros, los huma\u00adnos<\/strong>.<\/li>\n\n\n\n<li>toda\u00adv\u00eda hoy man\u00adtiene sus much\u00adas <strong>pro\u00adme\u00adsas<\/strong><\/li>\n\n\n\n<li>Siemp\u00adre tiene un <strong>o\u00eddo abier\u00adto<\/strong> y <strong>respon\u00adde a<\/strong> nuestras ora\u00adcio\u00adnes.<\/li>\n\n\n\n<li>No nos da la espal\u00adda ni siquie\u00adra cuan\u00addo noso\u00adtros lo hace\u00admos.<\/li>\n<\/ul>\n\n<p><strong>1. cum\u00adpli\u00f3 su pro\u00adpia pro\u00adme\u00adsa y sacri\u00adfic\u00f3 su vida por noso\u00adtros, los huma\u00adnos.<\/strong><\/p>\n\n<p>No fue ine\u00adspe\u00adra\u00addo para \u00e9l. No fue v\u00edc\u00adti\u00adma de una <strong>con\u00adspi\u00adra\u00adci\u00f3n <\/strong>ni de los <strong>idea\u00adles<\/strong> que pre\u00addi\u00adca\u00adba. <strong>Sacri\u00adfic\u00f3<\/strong> deli\u00adbe\u00adrad\u00adamen\u00adte <strong>su vida<\/strong> por ti y por m\u00ed. \u00bfPor qu\u00e9? Por\u00adque era la \u00fani\u00adca for\u00adma de que pudi\u00e9\u00adra\u00admos vol\u00adver a tener una rela\u00adci\u00f3n con Dios, nues\u00adtro Cre\u00ada\u00addor. Pero, \u00bfpor qu\u00e9 era eso tan importan\u00adte para \u00e9l? \u00bfPor qu\u00e9 \u00edba\u00admos a nece\u00adsi\u00adtar una <strong>rela\u00adci\u00f3n<\/strong> con Dios? (apar\u00adte de la cues\u00adti\u00f3n de si exis\u00adte. Pue\u00addes saber m\u00e1s sob\u00adre esto aqu\u00ed) Por\u00adque los huma\u00adnos viv\u00adi\u00admos en un mun\u00addo que ha ren\u00adun\u00adcia\u00addo a Dios. Los huma\u00adnos, con\u00adsci\u00aden\u00adte o incon\u00adsci\u00aden\u00adte\u00admen\u00adte, le hemos dado la espal\u00adda. Y vemos los <strong>efec\u00adtos de<\/strong> esto en las noti\u00adci\u00adas, a nues\u00adtro alre\u00adde\u00addor y, si somos sin\u00adce\u00adros, en noso\u00adtros mis\u00admos: Ego\u00eds\u00admo, luch\u00adas, malos pen\u00adsa\u00admi\u00adent\u00ados, rela\u00adcio\u00adnes rotas, inju\u00ads\u00adti\u00adcia y explot\u00adaci\u00f3n de las per\u00adso\u00adnas, as\u00ed como enfer\u00adme\u00addad y muer\u00adte. Con todo este baga\u00adje, nun\u00adca pod\u00adre\u00admos acer\u00adcar\u00adnos a Dios. No pod\u00adr\u00ed\u00ada\u00admos soport\u00adar su pure\u00adza. Aqu\u00ed en esta vida y en nues\u00adtra vida eter\u00adna des\u00adpu\u00e9s de la muer\u00adte. La <strong>con\u00adse\u00adcuen\u00adcia <\/strong>ser\u00eda la sepa\u00adra\u00adci\u00f3n eter\u00adna de nues\u00adtro Cre\u00ada\u00addor. Lo peor de esto ser\u00eda que ten\u00addr\u00ed\u00ada\u00admos que pasar nues\u00adtra etern\u00adidad sin Dios, lo que ser\u00eda a\u00fan peor que el \u201cinfier\u00adno en la tier\u00adra\u201d, pues <strong>no<\/strong> hab\u00adr\u00eda <strong>espe\u00adran\u00adza<\/strong>, ale\u00adgr\u00eda ni cami\u00adno de vuel\u00adta. Pero es pre\u00adci\u00adsa\u00admen\u00adte de esta \u201cmuer\u00adte eter\u00adna\u201d de la que Jes\u00fas qui\u00adso sal\u00advar\u00adnos a los huma\u00adnos. Al mor\u00adir en la cruz, se dej\u00f3 cas\u00adti\u00adgar por nues\u00adtros actos y pen\u00adsa\u00admi\u00adent\u00ados err\u00f3\u00adne\u00ados y los car\u00adg\u00f3 literal\u00admen\u00adte sob\u00adre s\u00ed. Por eso, todo el que le lle\u00adva su basu\u00adra y la des\u00adcar\u00adga en \u00e9l pue\u00adde expe\u00adri\u00admen\u00adtar el per\u00add\u00f3n com\u00adple\u00adto y un <strong>nue\u00advo comien\u00adzo<\/strong> con Dios. Esto libe\u00adra y el per\u00add\u00f3n de Dios se apli\u00adca a par\u00adtir de este momen\u00adto y por toda la etern\u00adidad. Esto nos despe\u00adja el cami\u00adno para acer\u00adcar\u00adnos de nue\u00advo a Dios y per\u00admi\u00adtir\u00adle con\u00adsci\u00aden\u00adte\u00admen\u00adte que rei\u00adne en nuestras vidas. Cuan\u00addo hice esta invita\u00adci\u00f3n a Jes\u00fas, me inva\u00addi\u00f3 una ver\u00addade\u00adra ale\u00adgr\u00eda y una pro\u00adfun\u00adda paz. A par\u00adtir de ese momen\u00adto, supe que Jes\u00fas estaba real\u00admen\u00adte all\u00ed y, des\u00adde enton\u00adces, cami\u00adna con\u00admi\u00adgo por la vida. Esto tiene con\u00adse\u00adcuen\u00adci\u00adas pr\u00e1c\u00adti\u00adcas.                      <\/p>\n\n<p>Pero, \u00bfc\u00f3mo pue\u00adde venir a nuestras vidas algu\u00adi\u00aden que ya ha muer\u00adto? Bue\u00adna preg\u00adun\u00adta. Por\u00adque no per\u00adma\u00adneci\u00f3 en la tum\u00adba, sino que resu\u00adci\u00adt\u00f3 al cabo de tres d\u00edas. Eso sue\u00adna bastan\u00adte incre\u00ed\u00adb\u00adle. \u201c\u00bfHay algu\u00adna prueba de ello?\u201d, te preg\u00adun\u00adt\u00adar\u00e1s pro\u00adba\u00adblem\u00aden\u00adte. Much\u00adas fuen\u00adtes his\u00adt\u00f3ri\u00adcas con\u00adfir\u00adman la resur\u00adrecci\u00f3n de Jes\u00fas. El ex ateo y cr\u00ed\u00adti\u00adco b\u00edb\u00adli\u00adco Josh McDo\u00adwell que\u00adr\u00eda demo\u00adstrar con su inves\u00adti\u00adga\u00adci\u00f3n sob\u00adre la cues\u00adti\u00f3n de la resur\u00adrecci\u00f3n que Jes\u00fas no pod\u00eda haber resu\u00adci\u00adta\u00addo de ent\u00adre los muer\u00adtos y que la Biblia no pod\u00eda ser cier\u00adta. Pero en lugar de ello des\u00adcu\u00adbri\u00f3 cosas asom\u00adbro\u00adsas, que public\u00f3 en su libro<a href=\"https:\/\/www.soulsaver.de\/assets\/dld\/0406\/4590_tatsache_auferstehung.pdf\" target=\"_blank\" rel=\"noreferrer noopener\">\u201cEl Hecho de la Resur\u00adrecci\u00f3n<\/a>\u201d (ver\u00adsi\u00f3n PDF de lib\u00adre acce\u00adso). [inser\u00adtar enlace \u2014 bot\u00f3n al PDF aqu\u00ed]        <br><\/p>\n\n<p><strong>2. toda\u00adv\u00eda hoy man\u00adtiene sus much\u00adas pro\u00adme\u00adsas<\/strong><\/p>\n\n<p>Por ejem\u00adplo, ha pro\u00admet\u00adido que nos dar\u00e1 una paz que el mun\u00addo no pue\u00adde dar (cf. La Biblia: Juan 16 ver\u00ads\u00ed\u00adcu\u00adlo 33). Una <strong>paz sob\u00adre\u00adna\u00adtu\u00adral<\/strong>, por as\u00ed decir\u00adlo, que es inde\u00adpen\u00addi\u00aden\u00adte de las cir\u00adcuns\u00adtanci\u00adas externas. Incluso cuan\u00addo la tor\u00admen\u00adta arre\u00adcia a tu alre\u00adde\u00addor o los desaf\u00ed\u00ados de la vida amen\u00ada\u00adzan con abrum\u00adar\u00adte. \u00c9l da esta paz a quie\u00adnes buscan su pre\u00adsen\u00adcia. A veces tene\u00admos que ent\u00adre\u00adgar\u00adle pri\u00adme\u00adro nuestras preo\u00adcu\u00adp\u00ada\u00adcio\u00adnes y tem\u00adores para que esta paz pueda sen\u00adtir\u00adse. Pero si le per\u00admi\u00adtimos que nos libe\u00adre de nuestras preo\u00adcu\u00adp\u00ada\u00adcio\u00adnes, vuel\u00adve la <strong>paz inte\u00adri\u00ador<\/strong> que vie\u00adne con <strong>su pre\u00adsen\u00adcia<\/strong>.     <br><\/p>\n\n<p><strong>3. siemp\u00adre tiene un o\u00eddo abier\u00adto y respon\u00adde a nuestras ora\u00adcio\u00adnes.<\/strong><\/p>\n\n<p>Se toma en serio su pro\u00adme\u00adsa de que pode\u00admos acu\u00addir a \u00c9l cuan\u00addo suf\u00adri\u00admos bajo la car\u00adga de la vida coti\u00addia\u00adna. \u00c9l est\u00e1 ah\u00ed y <strong>escu\u00adcha<\/strong>, aun\u00adque no poda\u00admos ver\u00adle. Pode\u00admos hab\u00adlar con \u00e9l como quer\u00adamos y tam\u00adbi\u00e9n de lo que nos preo\u00adcu\u00adpa. De todos modos, \u00c9l ya lo sabe. Por\u00adque nos cono\u00adce a fon\u00addo y se ale\u00adgra cuan\u00addo acu\u00addi\u00admos a \u00e9l con nuestras preo\u00adcu\u00adp\u00ada\u00adcio\u00adnes. Y <strong>respon\u00adde<\/strong>. No siemp\u00adre de la for\u00adma que dese\u00ada\u00adr\u00ed\u00ada\u00admos o espe\u00adr\u00ada\u00adr\u00ed\u00ada\u00admos. Pero a menu\u00addo nos sor\u00adpren\u00adde con sus respues\u00adtas y nos mues\u00adtra una <strong>per\u00adspec\u00adti\u00adva<\/strong> mucho <strong>m\u00e1s amplia<\/strong>. Yo tam\u00adbi\u00e9n lo he expe\u00adri\u00admen\u00adta\u00addo per\u00adso\u00adnal\u00admen\u00adte: <a href=\"https:\/\/jeliebt.de\/meine-grosse-liebe\/\" data-type=\"post\" data-id=\"2157\" target=\"_blank\" rel=\"noreferrer noopener\">mi gran amor<\/a>.        <\/p>\n\n<p>Por cier\u00adto: Si eres de los que dis\u00adf\u00adrut\u00adab\u00adan jugan\u00addo con la m\u00e1qui\u00adna de chic\u00adles cuan\u00addo eran ni\u00f1os: Jes\u00fas no es una m\u00e1qui\u00adna de dese\u00ados. En la l\u00ednea de \u201cmone\u00adda de ora\u00adci\u00f3n den\u00adtro, chic\u00adle fuera\u201d. No se deja encer\u00adrar en nues\u00adtra visi\u00f3n, a menu\u00addo uni\u00adla\u00adte\u00adral, de las cosas. En lugar de eso, nos mues\u00adtra <strong>nue\u00advos hori\u00adzon\u00adtes<\/strong> y los que con\u00adf\u00ed\u00adan en \u00e9l no qued\u00adar\u00e1n decep\u00adcio\u00adna\u00addos.   <br><\/p>\n\n<p><strong>4. no nos da la espal\u00adda aun\u00adque noso\u00adtros lo haga\u00admos.<\/strong><\/p>\n\n<p>Si lo hubiera hecho, hab\u00adr\u00eda des\u00adcar\u00adta\u00addo al mun\u00addo hace mucho tiem\u00adpo. Innu\u00adme\u00adra\u00adbles <strong>expe\u00adri\u00aden\u00adci\u00adas<\/strong> de per\u00adso\u00adnas que han sido com\u00adple\u00adta\u00admen\u00adte des\u00adcar\u00adta\u00addas por los dem\u00e1s dan tes\u00adti\u00admo\u00adnio de ello: Yon\u00adquis, delin\u00adcuen\u00adtes, alcoh\u00f3\u00adli\u00adcos\u2026 <a href=\"https:\/\/jeliebt.de\/es\/no-hay-casos-sin-esperanza\/\" data-type=\"post\" data-id=\"2141\" target=\"_blank\" rel=\"noreferrer noopener\">Haz clic aqu\u00ed para cono\u00adcer sus his\u00adto\u00adri\u00adas rea\u00adles<\/a>. <\/p>\n\n<p>Si quie\u00adres cono\u00adcer mejor a Jes\u00fas, lee el rela\u00adto del tes\u00adti\u00adgo ocu\u00adlar Juan, que via\u00adj\u00f3 con \u00e9l por la tier\u00adra duran\u00adte tres a\u00f1os: <a href=\"https:\/\/www.bibleserver.com\/Ne%C3%9C\/Johannes1\" target=\"_blank\" rel=\"noreferrer noopener\">Juan<\/a>.<\/p>\n","protected":false},"excerpt":{"rendered":"<p>\u201cTe quie\u00adro tan\u00adto que incluso sacri\u00adfi\u00adca\u00adr\u00eda mi vida por ti\u201d, as\u00ed es como se descri\u00adbe a s\u00ed mis\u00adma la per\u00adso\u00adna que me gusta\u00adr\u00eda pre\u00adsentar\u00adte aqu\u00ed. Y lo espe\u00adcial es que lo hace sin nada a cam\u00adbio. Aun\u00adque no se sien\u00adta cor\u00adre\u00adspon\u00addi\u00adda. \u00bfEs eso posi\u00adble? Pare\u00adce muy poco rea\u00adlis\u00adta. Por supues\u00adto, mucha gen\u00adte hab\u00adla de ello [\u2026]<\/p>\n","protected":false},"author":2,"featured_media":5329,"comment_status":"closed","ping_status":"closed","sticky":false,"template":"","format":"standard","meta":{"_acf_changed":false,"wp_typography_post_enhancements_disabled":false,"footnotes":""},"categories":[111],"tags":[],"class_list":["post-5328","post","type-post","status-publish","format-standard","has-post-thumbnail","hentry","category-entrada-del-blog"],"acf":[],"_links":{"self":[{"href":"https:\/\/jeliebt.de\/es\/wp-json\/wp\/v2\/posts\/5328","targetHints":{"allow":["GET"]}}],"collection":[{"href":"https:\/\/jeliebt.de\/es\/wp-json\/wp\/v2\/posts"}],"about":[{"href":"https:\/\/jeliebt.de\/es\/wp-json\/wp\/v2\/types\/post"}],"author":[{"embeddable":true,"href":"https:\/\/jeliebt.de\/es\/wp-json\/wp\/v2\/users\/2"}],"replies":[{"embeddable":true,"href":"https:\/\/jeliebt.de\/es\/wp-json\/wp\/v2\/comments?post=5328"}],"version-history":[{"count":1,"href":"https:\/\/jeliebt.de\/es\/wp-json\/wp\/v2\/posts\/5328\/revisions"}],"predecessor-version":[{"id":5330,"href":"https:\/\/jeliebt.de\/es\/wp-json\/wp\/v2\/posts\/5328\/revisions\/5330"}],"wp:featuredmedia":[{"embeddable":true,"href":"https:\/\/jeliebt.de\/es\/wp-json\/wp\/v2\/media\/5329"}],"wp:attachment":[{"href":"https:\/\/jeliebt.de\/es\/wp-json\/wp\/v2\/media?parent=5328"}],"wp:term":[{"taxonomy":"category","embeddable":true,"href":"https:\/\/jeliebt.de\/es\/wp-json\/wp\/v2\/categories?post=5328"},{"taxonomy":"post_tag","embeddable":true,"href":"https:\/\/jeliebt.de\/es\/wp-json\/wp\/v2\/tags?post=5328"}],"curies":[{"name":"wp","href":"https:\/\/api.w.org\/{rel}","templated":true}]}}