{"id":5302,"date":"2025-01-16T16:07:50","date_gmt":"2025-01-16T15:07:50","guid":{"rendered":"https:\/\/jeliebt.de\/historias-de-la-vida-real\/"},"modified":"2026-04-29T00:45:38","modified_gmt":"2026-04-28T22:45:38","slug":"historias-de-la-vida-real","status":"publish","type":"post","link":"https:\/\/jeliebt.de\/es\/historias-de-la-vida-real\/","title":{"rendered":"Historias de la VIDA REAL"},"content":{"rendered":"\n<p>Expe\u00adri\u00aden\u00adci\u00adas per\u00adso\u00adna\u00adles, his\u00adto\u00adri\u00adas inspi\u00adra\u00addo\u00adras: la gen\u00adte hab\u00adla de sus retos y de su b\u00fas\u00adqueda del amor. Aun\u00adque no se cono\u00adcen, todos tie\u00adnen algo en com\u00fan\u2026 <\/p>\n\n<figure class=\"wp-block-embed is-type-video is-provider-youtube wp-block-embed-youtube wp-embed-aspect-16-9 wp-has-aspect-ratio\"><div class=\"wp-block-embed__wrapper\">\n<iframe title=\"\u201eLiebe tut nur weh\u201c | Heilung der Gef\u00fchle erlebt | #ERFMenschGott\" width=\"800\" height=\"450\" src=\"https:\/\/www.youtube.com\/embed\/IxE32dS35ec?feature=oembed\" frameborder=\"0\" allow=\"accelerometer; autoplay; clipboard-write; encrypted-media; gyroscope; picture-in-picture; web-share\" referrerpolicy=\"strict-origin-when-cross-origin\" allowfullscreen><\/iframe>\n<\/div><\/figure>\n\n<p>\u201cEl amor es dema\u00adsia\u00addo dolo\u00adro\u00adso, \u00a1no quie\u00adro saber nada m\u00e1s de \u00e9l!\u201d. Dori\u00adna K\u00fchn toma esta decis\u00adi\u00f3n de joven. Dema\u00adsia\u00addas per\u00adso\u00adnas la han decep\u00adcio\u00adna\u00addo y her\u00adi\u00addo, y la angus\u00adtia que la ator\u00admen\u00adta es dema\u00adsia\u00addo gran\u00adde. Pero en alg\u00fan momen\u00adto tiene que admi\u00adtir\u00adlo: Pue\u00adde que ya no me hier\u00adan, pero tam\u00adpo\u00adco ten\u00adgo ale\u00adgr\u00eda\u2026   <\/p>\n\n<figure class=\"wp-block-embed is-type-video is-provider-youtube wp-block-embed-youtube wp-embed-aspect-16-9 wp-has-aspect-ratio\"><div class=\"wp-block-embed__wrapper\">\n<iframe title=\"Sehnsucht nach Liebe | &quot;Ich war unberechenbar&quot; | Gott Ultimatum gestellt | #ERFMenschGott\" width=\"800\" height=\"450\" src=\"https:\/\/www.youtube.com\/embed\/kCUg7TCC0DQ?feature=oembed\" frameborder=\"0\" allow=\"accelerometer; autoplay; clipboard-write; encrypted-media; gyroscope; picture-in-picture; web-share\" referrerpolicy=\"strict-origin-when-cross-origin\" allowfullscreen><\/iframe>\n<\/div><\/figure>\n\n<p>Tira del fre\u00adno de mano a toda velo\u00adci\u00addad, s\u00f3lo para ver qu\u00e9 pasa. El com\u00adpor\u00adta\u00admi\u00aden\u00adto de Sebas\u00adti\u00adan Banz\u00adhaf es impre\u00adde\u00adci\u00adb\u00adle. Aun\u00adque anhe\u00adla la acept\u00ada\u00adci\u00f3n y el amor, arrui\u00adna todas sus amista\u00addes. Se sien\u00adte com\u00adple\u00adta\u00admen\u00adte in\u00fa\u00adtil e inten\u00adta ador\u00adme\u00adcer\u00adse con alco\u00adhol y dro\u00adgas. En la Nochevie\u00adja de 2009, toca fon\u00addo y da un ultim\u00e1\u00adtum a Dios\u2026    <\/p>\n\n<figure class=\"wp-block-embed is-type-video is-provider-youtube wp-block-embed-youtube wp-embed-aspect-16-9 wp-has-aspect-ratio\"><div class=\"wp-block-embed__wrapper\">\n<iframe title=\"Teufelskreis On-Off-Beziehung | Auf der Suche nach echter Liebe | Abh\u00e4ngige Beziehung \u00fcberwunden\" width=\"800\" height=\"450\" src=\"https:\/\/www.youtube.com\/embed\/73jPdOZ21BU?feature=oembed\" frameborder=\"0\" allow=\"accelerometer; autoplay; clipboard-write; encrypted-media; gyroscope; picture-in-picture; web-share\" referrerpolicy=\"strict-origin-when-cross-origin\" allowfullscreen><\/iframe>\n<\/div><\/figure>\n\n<p>En su b\u00fas\u00adqueda del amor, Sabi\u00adne Bl\u00f6\u00adchel se ve atra\u00adpa\u00adda en el c\u00edr\u00adcu\u00adlo vicio\u00adso de una rela\u00adci\u00f3n inter\u00admi\u00adten\u00adte. Celos, men\u00adti\u00adras, enga\u00ad\u00f1os: lo sopor\u00adta todo. La idea de estar sola le pare\u00adce mucho peor que esta rela\u00adci\u00f3n de depen\u00adden\u00adcia. Ren\u00adun\u00adcia a s\u00ed mis\u00adma por com\u00adple\u00adto, has\u00adta que des\u00adcub\u00adre sor\u00adpren\u00adden\u00adte\u00admen\u00adte que exis\u00adte un amor aut\u00e9n\u00adti\u00adco e incon\u00addi\u00adcio\u00adnal.   <\/p>\n\n<figure class=\"wp-block-embed is-type-video is-provider-youtube wp-block-embed-youtube wp-embed-aspect-16-9 wp-has-aspect-ratio\"><div class=\"wp-block-embed__wrapper\">\n<iframe title=\"Buddhismus, Yoga, Meditation: Hippie findet die vollkommene Liebe | #ERFMenschGott\" width=\"800\" height=\"450\" src=\"https:\/\/www.youtube.com\/embed\/wL9KRvftFwQ?feature=oembed\" frameborder=\"0\" allow=\"accelerometer; autoplay; clipboard-write; encrypted-media; gyroscope; picture-in-picture; web-share\" referrerpolicy=\"strict-origin-when-cross-origin\" allowfullscreen><\/iframe>\n<\/div><\/figure>\n\n<p>Ale\u00adgr\u00eda y amor: as\u00ed bus\u00adca Nathan Thur\u00adlow el sent\u00adi\u00addo de la vida. Duran\u00adte 15 a\u00f1os, via\u00adja por el sudes\u00adte asi\u00e1\u00adti\u00adco y prueba todos los cami\u00adnos que pro\u00adme\u00adten la ilumi\u00adnaci\u00f3n: budis\u00admo, hin\u00addu\u00adis\u00admo, medit\u00ada\u00adci\u00f3n, gur\u00fas diversos, yoga extre\u00admo y dro\u00adgas. Sin embar\u00adgo, encuen\u00adtra un amor que tra\u00adsci\u00aden\u00adde todas sus expe\u00adri\u00aden\u00adci\u00adas y satis\u00adface su anhe\u00adlo\u2026  <\/p>\n\n<figure class=\"wp-block-embed is-type-video is-provider-youtube wp-block-embed-youtube wp-embed-aspect-16-9 wp-has-aspect-ratio\"><div class=\"wp-block-embed__wrapper\">\n<iframe title=\"Zweite Chance f\u00fcr die Liebe | &quot;Ich heiratete meinen Ex-Mann&quot; | Mensch, Gott!\" width=\"800\" height=\"450\" src=\"https:\/\/www.youtube.com\/embed\/762z0-k78KE?feature=oembed\" frameborder=\"0\" allow=\"accelerometer; autoplay; clipboard-write; encrypted-media; gyroscope; picture-in-picture; web-share\" referrerpolicy=\"strict-origin-when-cross-origin\" allowfullscreen><\/iframe>\n<\/div><\/figure>\n\n<p>La rela\u00adci\u00f3n ent\u00adre M\u00f3ni\u00adca y Ste\u00adfan est\u00e1 en cri\u00adsis. Las dis\u00adcu\u00adsio\u00adnes est\u00e1n a la orden del d\u00eda y ambos buscan con\u00adsue\u00adlo en aven\u00adtur\u00adas extra\u00adma\u00adtri\u00admo\u00adnia\u00adles. \u00bfSe aca\u00adb\u00f3 el gran amor? Ni mucho menos: por\u00adque nada es impo\u00adsi\u00adble para Dios.   <\/p>\n\n<figure class=\"wp-block-embed is-type-video is-provider-youtube wp-block-embed-youtube wp-embed-aspect-16-9 wp-has-aspect-ratio\"><div class=\"wp-block-embed__wrapper\">\n<iframe title=\"Von \u00fcbernat\u00fcrlicher Liebe \u00fcberrascht | Lebenssinn gefunden | #ERFMenschGott\" width=\"800\" height=\"450\" src=\"https:\/\/www.youtube.com\/embed\/s951QrLU5zA?feature=oembed\" frameborder=\"0\" allow=\"accelerometer; autoplay; clipboard-write; encrypted-media; gyroscope; picture-in-picture; web-share\" referrerpolicy=\"strict-origin-when-cross-origin\" allowfullscreen><\/iframe>\n<\/div><\/figure>\n\n<p>Qu\u00e9 es la ver\u00addad \u2014 \u00c7a\u011f\u00adda\u015f G\u00fcn\u00adg\u00f6r se enf\u00adren\u00adta a esta preg\u00adun\u00adta de la nada. Cria\u00addo en un bar\u00adrio social\u00admen\u00adte des\u00adfa\u00advor\u00adeci\u00addo, su vida has\u00adta enton\u00adces se hab\u00eda carac\u00adte\u00adriz\u00adado por las dro\u00adgas, la pro\u00adsti\u00adtu\u00adci\u00f3n, la vio\u00adlen\u00adcia y el sin\u00adsent\u00adi\u00addo. Empren\u00adde una b\u00fas\u00adqueda y, de rep\u00aden\u00adte, expe\u00adri\u00admen\u00adta un encuen\u00adtro sob\u00adre\u00adna\u00adtu\u00adral y un amor que no es de este mun\u00addo\u2026  <\/p>\n","protected":false},"excerpt":{"rendered":"<p>Expe\u00adri\u00aden\u00adci\u00adas per\u00adso\u00adna\u00adles, his\u00adto\u00adri\u00adas inspi\u00adra\u00addo\u00adras: la gen\u00adte hab\u00adla de sus retos y de su b\u00fas\u00adqueda del amor. Aun\u00adque no se cono\u00adcen, todos tie\u00adnen algo en com\u00fan\u2026 \u201cEl amor es dema\u00adsia\u00addo dolo\u00adro\u00adso, \u00a1no quie\u00adro saber nada m\u00e1s de \u00e9l!\u201d. Dori\u00adna K\u00fchn toma esta decis\u00adi\u00f3n de joven. Dema\u00adsia\u00addas per\u00adso\u00adnas la han decep\u00adcio\u00adna\u00addo y her\u00adi\u00addo, y la angus\u00adtia que [\u2026]<\/p>\n","protected":false},"author":2,"featured_media":5305,"comment_status":"closed","ping_status":"closed","sticky":false,"template":"","format":"standard","meta":{"_acf_changed":false,"wp_typography_post_enhancements_disabled":false,"footnotes":""},"categories":[111],"tags":[],"class_list":["post-5302","post","type-post","status-publish","format-standard","has-post-thumbnail","hentry","category-entrada-del-blog"],"acf":[],"_links":{"self":[{"href":"https:\/\/jeliebt.de\/es\/wp-json\/wp\/v2\/posts\/5302","targetHints":{"allow":["GET"]}}],"collection":[{"href":"https:\/\/jeliebt.de\/es\/wp-json\/wp\/v2\/posts"}],"about":[{"href":"https:\/\/jeliebt.de\/es\/wp-json\/wp\/v2\/types\/post"}],"author":[{"embeddable":true,"href":"https:\/\/jeliebt.de\/es\/wp-json\/wp\/v2\/users\/2"}],"replies":[{"embeddable":true,"href":"https:\/\/jeliebt.de\/es\/wp-json\/wp\/v2\/comments?post=5302"}],"version-history":[{"count":1,"href":"https:\/\/jeliebt.de\/es\/wp-json\/wp\/v2\/posts\/5302\/revisions"}],"predecessor-version":[{"id":5306,"href":"https:\/\/jeliebt.de\/es\/wp-json\/wp\/v2\/posts\/5302\/revisions\/5306"}],"wp:featuredmedia":[{"embeddable":true,"href":"https:\/\/jeliebt.de\/es\/wp-json\/wp\/v2\/media\/5305"}],"wp:attachment":[{"href":"https:\/\/jeliebt.de\/es\/wp-json\/wp\/v2\/media?parent=5302"}],"wp:term":[{"taxonomy":"category","embeddable":true,"href":"https:\/\/jeliebt.de\/es\/wp-json\/wp\/v2\/categories?post=5302"},{"taxonomy":"post_tag","embeddable":true,"href":"https:\/\/jeliebt.de\/es\/wp-json\/wp\/v2\/tags?post=5302"}],"curies":[{"name":"wp","href":"https:\/\/api.w.org\/{rel}","templated":true}]}}