{"id":3657,"date":"2025-01-05T13:24:16","date_gmt":"2025-01-05T12:24:16","guid":{"rendered":"https:\/\/jeliebt.de\/lauren-daigle-you-say\/"},"modified":"2025-11-26T11:39:55","modified_gmt":"2025-11-26T10:39:55","slug":"lauren-daigle-you-say","status":"publish","type":"post","link":"https:\/\/jeliebt.de\/cs\/lauren-daigle-you-say\/","title":{"rendered":"Lauren Daigle \u2014 \u201cYou say\u201d"},"content":{"rendered":"\n<p>Zn\u00e1\u00adte ten pocit, \u017ee nik\u00addy nem\u00e1\u00adte dost ve v\u0161em, co d\u011bl\u00e1\u00adte? P\u0159es\u00adn\u011b o tom je p\u00edse\u0148 Lau\u00adren Daigle \u201cYou say\u201d, ve kte\u00adr\u00e9 up\u0159\u00edm\u00adn\u011b vyja\u00add\u0159u\u00adje sv\u00e9 my\u0161\u00adlen\u00adky. Na ot\u00e1z\u00adku <g id=\"gid_0\">\u201cJsem v\u00edc ne\u017e jen sou\u010det v\u0161ech vzes\u00adtup\u016f a p\u00e1d\u016f<\/g>?\u201d dost\u00e1\u00adv\u00e1 odpo\u00adv\u011b\u010f, kter\u00e1 j\u00ed zm\u011bn\u00ed \u017eivot a d\u00e1 j\u00ed <g id=\"gid_1\">hod\u00adno\u00adtu<\/g> a<g id=\"gid_2\"> iden\u00adti\u00adtu<\/g>. Svou iden\u00adti\u00adtu nen\u00adach\u00e1\u00adz\u00ed ve sv\u00e9m v\u00fdkonu, v hod\u00adno\u00adcen\u00ed ost\u00adat\u00adn\u00edch lid\u00ed ani ve sv\u00e9m \u00fasp\u011bchu a sl\u00e1\u00adv\u011b jako zp\u011b\u00adva\u010d\u00adka, ale v tom, kdo j\u00ed m\u016f\u017ee d\u00e1t jej\u00ed sku\u00adte\u010d\u00adnou hod\u00adno\u00adtu a iden\u00adti\u00adtu:   <\/p>\n\n<div class=\"wp-block-columns is-layout-flex wp-container-core-columns-is-layout-28f84493 wp-block-columns-is-layout-flex\">\n<div class=\"wp-block-column is-layout-flow wp-block-column-is-layout-flow\">\n<figure class=\"wp-block-embed is-type-video is-provider-youtube wp-block-embed-youtube wp-embed-aspect-16-9 wp-has-aspect-ratio\"><div class=\"wp-block-embed__wrapper\">\n<iframe title=\"Lauren Daigle - You Say (Lyric Video)\" width=\"800\" height=\"450\" src=\"https:\/\/www.youtube.com\/embed\/N8WK9HmF53w?feature=oembed\" frameborder=\"0\" allow=\"accelerometer; autoplay; clipboard-write; encrypted-media; gyroscope; picture-in-picture; web-share\" referrerpolicy=\"strict-origin-when-cross-origin\" allowfullscreen><\/iframe>\n<\/div><\/figure>\n<\/div>\n<\/div>\n\n<p>Se samot\u00adn\u00fdm Bohem. Pro\u00adto\u017ee ji stvo\u0159il, zn\u00e1 jej\u00ed hod\u00adno\u00adtu a m\u016f\u017ee j\u00ed d\u00e1t spo\u00adleh\u00adli\u00advou odpo\u00adv\u011b\u010f. Toto hlub\u00ado\u00adk\u00e9 p\u0159es\u00adv\u011b\u00add\u010den\u00ed se pro\u00adje\u00advu\u00adje v jej\u00edm <strong>dia\u00adlo\u00adgu s Bohem<\/strong> \u2014 \u0159\u00edk\u00e1\u00adme mu tak\u00e9 \u201cmod\u00adlit\u00adba\u201d:  <\/p>\n\n<blockquote class=\"wp-block-quote is-layout-flow wp-block-quote-is-layout-flow\">\n<p>\u201c\u0158\u00edk\u00e1\u0161, \u017ee jsem mil\u00ado\u00adv\u00e1n, i kdy\u017e to te\u010f nec\u00ed\u00adt\u00edm. \u0158\u00edk\u00e1\u0161, \u017ee jsem siln\u00fd, i kdy\u017e se c\u00edt\u00edm sla\u00adb\u00fd. \u0158\u00edk\u00e1\u0161, \u017ee m\u011b <strong>dr\u017e\u00ed\u0161<\/strong>, kdy\u017e c\u00edt\u00edm, \u017ee nes\u00adt\u00ed\u00adh\u00e1m. \u0158\u00edk\u00e1\u0161, \u017ee kdy\u017e ti nepa\u00adt\u0159\u00edm, <strong>pat\u0159\u00edm ti<\/strong>. V\u011b\u0159\u00edm. Jedi\u00adn\u00e9, na \u010dem z\u00e1le\u017e\u00ed, je to, co si o mn\u011b mys\u00adl\u00ed\u0161. V tob\u011b jsem na\u0161el svou <strong>hod\u00adno\u00adtu<\/strong> a svou <strong>iden\u00adti\u00adtu<\/strong>.\u201d      <\/p>\n<\/blockquote>\n\n<p>Pro\u010d to Lau\u00adren Daigle ve sv\u00e9 p\u00eds\u00adni tak ote\u00adv\u0159en\u011b p\u0159iz\u00adn\u00e1\u00adv\u00e1? Pro\u00adto\u017ee to v\u00fdraz\u00adn\u011b zm\u011b\u00adni\u00adlo jej\u00ed \u017eivot. I vy to m\u016f\u017ee\u00adte za\u017e\u00edt, kdy\u017e poz\u00adve\u00adte Je\u017e\u00ed\u00ad\u0161e do sv\u00e9\u00adho \u017eivo\u00adta a po\u017e\u00e1\u00add\u00e1\u00adte ho, aby v\u00e1m uk\u00e1\u00adzal va\u0161i hod\u00adno\u00adtu a va\u0161i iden\u00adti\u00adtu. <g id=\"gid_0\">Jen to zkus\u00adte<\/g>. Je\u017e\u00ed\u0161 je vzd\u00e1\u00adlen jen jed\u00adnu mod\u00adlit\u00adbu. <a href=\"https:\/\/jeliebt.de\/cs\/poznejte-jezise\/\" data-type=\"page\" data-id=\"1922\">Zde<\/a> se doz\u00adv\u00ed\u00adte, jak poz\u00advat Je\u017e\u00ed\u00ad\u0161e do sv\u00e9\u00adho \u017eivo\u00adta.   <\/p>\n\n<div class=\"wp-block-columns is-layout-flex wp-container-core-columns-is-layout-28f84493 wp-block-columns-is-layout-flex\">\n<div class=\"wp-block-column is-layout-flow wp-block-column-is-layout-flow\">\n<figure class=\"wp-block-embed is-type-video is-provider-youtube wp-block-embed-youtube wp-embed-aspect-16-9 wp-has-aspect-ratio\"><div class=\"wp-block-embed__wrapper\">\n<iframe title=\"Du sagst (Deutsche Version von &quot;You Say&quot; \/ Lauren Daigle)\" width=\"800\" height=\"450\" src=\"https:\/\/www.youtube.com\/embed\/O93-BNDgUUI?feature=oembed\" frameborder=\"0\" allow=\"accelerometer; autoplay; clipboard-write; encrypted-media; gyroscope; picture-in-picture; web-share\" referrerpolicy=\"strict-origin-when-cross-origin\" allowfullscreen><\/iframe>\n<\/div><\/figure>\n<\/div>\n<\/div>\n","protected":false},"excerpt":{"rendered":"<p>Zn\u00e1\u00adte ten pocit, \u017ee nik\u00addy nem\u00e1\u00adte dost ve v\u0161em, co d\u011bl\u00e1\u00adte? P\u0159es\u00adn\u011b o tom je p\u00edse\u0148 Lau\u00adren Daigle \u201cYou say\u201d, ve kte\u00adr\u00e9 up\u0159\u00edm\u00adn\u011b vyja\u00add\u0159u\u00adje sv\u00e9 my\u0161\u00adlen\u00adky. Na ot\u00e1z\u00adku \u201cJsem v\u00edc ne\u017e jen sou\u010det v\u0161ech vzes\u00adtup\u016f a p\u00e1d\u016f?\u201d dost\u00e1\u00adv\u00e1 odpo\u00adv\u011b\u010f, kter\u00e1 j\u00ed zm\u011bn\u00ed \u017eivot a d\u00e1 j\u00ed hod\u00adno\u00adtu a iden\u00adti\u00adtu. Svou iden\u00adti\u00adtu nen\u00adach\u00e1\u00adz\u00ed ve sv\u00e9m v\u00fdkonu, [\u2026]<\/p>\n","protected":false},"author":2,"featured_media":3658,"comment_status":"closed","ping_status":"closed","sticky":false,"template":"","format":"standard","meta":{"_acf_changed":false,"wp_typography_post_enhancements_disabled":false,"footnotes":""},"categories":[61],"tags":[],"class_list":["post-3657","post","type-post","status-publish","format-standard","has-post-thumbnail","hentry","category-prispevek-na-blogu"],"acf":[],"_links":{"self":[{"href":"https:\/\/jeliebt.de\/cs\/wp-json\/wp\/v2\/posts\/3657","targetHints":{"allow":["GET"]}}],"collection":[{"href":"https:\/\/jeliebt.de\/cs\/wp-json\/wp\/v2\/posts"}],"about":[{"href":"https:\/\/jeliebt.de\/cs\/wp-json\/wp\/v2\/types\/post"}],"author":[{"embeddable":true,"href":"https:\/\/jeliebt.de\/cs\/wp-json\/wp\/v2\/users\/2"}],"replies":[{"embeddable":true,"href":"https:\/\/jeliebt.de\/cs\/wp-json\/wp\/v2\/comments?post=3657"}],"version-history":[{"count":1,"href":"https:\/\/jeliebt.de\/cs\/wp-json\/wp\/v2\/posts\/3657\/revisions"}],"predecessor-version":[{"id":3660,"href":"https:\/\/jeliebt.de\/cs\/wp-json\/wp\/v2\/posts\/3657\/revisions\/3660"}],"wp:featuredmedia":[{"embeddable":true,"href":"https:\/\/jeliebt.de\/cs\/wp-json\/wp\/v2\/media\/3658"}],"wp:attachment":[{"href":"https:\/\/jeliebt.de\/cs\/wp-json\/wp\/v2\/media?parent=3657"}],"wp:term":[{"taxonomy":"category","embeddable":true,"href":"https:\/\/jeliebt.de\/cs\/wp-json\/wp\/v2\/categories?post=3657"},{"taxonomy":"post_tag","embeddable":true,"href":"https:\/\/jeliebt.de\/cs\/wp-json\/wp\/v2\/tags?post=3657"}],"curies":[{"name":"wp","href":"https:\/\/api.w.org\/{rel}","templated":true}]}}