{"id":3646,"date":"2025-01-05T13:31:34","date_gmt":"2025-01-05T12:31:34","guid":{"rendered":"https:\/\/jeliebt.de\/jste-milovani\/"},"modified":"2025-11-26T11:39:55","modified_gmt":"2025-11-26T10:39:55","slug":"jste-milovani","status":"publish","type":"post","link":"https:\/\/jeliebt.de\/cs\/jste-milovani\/","title":{"rendered":"Jste MILOV\u00c1NI!"},"content":{"rendered":"\n<p>Co se v\u00e1m hon\u00ed hla\u00advou, kdy\u017e sly\u0161\u00ed\u00adte toto tvr\u00adzen\u00ed? <strong>V\u011b\u0159\u00ed\u00adte <\/strong>mu? <strong>C\u00edt\u00ed\u00adte <\/strong>to? My lid\u00e9 chce\u00adme b\u00fdt <strong>mil\u00ado\u00adv\u00e1\u00adni <\/strong>tako\u00adv\u00ed, jac\u00ed jsme. Ani\u017e bychom pro to muse\u00adli n\u011bco ud\u011blat. P\u0159es\u00adn\u011b tak. A\u0165 u\u017e to hlub\u00ado\u00adko uvni\u00adt\u0159 c\u00edt\u00ed\u00adte, nebo ne, v\u0161ich\u00adni m\u00e1me tuto <strong>pot\u0159e\u00adbu <\/strong>v sob\u011b. Pro\u00adto je t\u00e9ma l\u00e1s\u00adky tak \u010das\u00adt\u00e9 v ka\u017e\u00addo\u00adden\u00adn\u00edm \u017eivo\u00adt\u011b i v m\u00e9di\u00edch. Exis\u00adtu\u00adje nes\u00adpo\u010det fil\u00adm\u016f o l\u00e1s\u00adce, pro\u00adto\u017ee my lid\u00e9 tou\u017e\u00ed\u00adme pr\u00e1\u00adv\u011b po t\u00e9to l\u00e1s\u00adce, kter\u00e1 je ve fil\u00admech pre\u00adzen\u00adto\u00adv\u00e1\u00adna. Mo\u017en\u00e1 tak\u00e9 pro\u00adto, aby\u00adchom si <strong>pocit <\/strong>\u010dis\u00adt\u00e9 a roman\u00adti\u00adck\u00e9 l\u00e1s\u00adky na chv\u00ed\u00adli p\u0159e\u00adnes\u00adli do sv\u00e9\u00adho \u017eivo\u00adta? Ale kdy\u017e film skon\u00ad\u010d\u00ed, rea\u00adli\u00adta n\u00e1s bohu\u017eel dostih\u00adne. Vid\u00ed\u00adme ned\u00adost\u00adat\u00adky ve sv\u00fdch vlast\u00adn\u00edch vzta\u00adz\u00edch nebo p\u0159\u00e1\u00adtelst\u00adv\u00edch. Jak kr\u00e1s\u00adn\u00e9 by bylo b\u00fdt ale\u00ads\u00adpo\u0148 na chv\u00ed\u00adli takto mil\u00ado\u00adv\u00e1n?          <\/p>\n\n<p><br>Mo\u017en\u00e1 si tak\u00e9 mys\u00adl\u00ed\u00adte, \u017ee kdy\u017e se bude\u00adte n\u011bjak zvl\u00e1\u00ad\u0161\u0165 sty\u00adlizo\u00advat nebo d\u011blat n\u011bco zvl\u00e1\u00ad\u0161t\u00adn\u00ed\u00adho, lid\u00e9 v\u00e1s budou m\u00edt rad\u011b\u00adji. Ale je to je\u0161\u00adt\u011b l\u00e1s\u00adka?  Pak by l\u00e1s\u00adka byla <strong>pod\u00adm\u00ed\u00adn\u011bn\u00e1 <\/strong>. Nem\u011b\u00adli by n\u00e1s lid\u00e9 mil\u00ado\u00advat jen tak, ani\u017e bys\u00adte si muse\u00adli l\u00e1s\u00adku zas\u00adlou\u017eit? Pro\u00ads\u00adt\u011b jen pro\u00adto, \u017ee jsi TY?   P\u0159edstav\u00adte si, \u017ee exis\u00adtu\u00adje n\u011bk\u00addo, kdo v\u00e1s bez\u00adv\u00fdhrad\u00adn\u011b miluje: cht\u011b\u00adli bys\u00adte ho <strong>poz\u00adnat <\/strong>?<\/p>\n\n<p><br>Set\u00adkal jsem se s n\u011bk\u00fdm, kdo tvr\u00add\u00ed, \u017ee je p\u0159es\u00adn\u011b tako\u00adv\u00fd. A co v\u00edc, dokon\u00adce tvr\u00add\u00ed, \u017ee je <strong>zt\u011b\u00adles\u00adn\u011bn\u00edm l\u00e1s\u00adky<\/strong>. A kdy\u017e jsem ho l\u00e9pe poz\u00adnal, uv\u011b\u00addo\u00admil jsem si, \u017ee mlu\u00adv\u00ed <strong>prav\u00addu <\/strong>. A skv\u011bl\u00e9 je, \u017ee k n\u011bmu m\u016f\u017ee\u00adte p\u0159i\u00adj\u00edt tako\u00adv\u00ed, jac\u00ed jste. A on m\u00e1 v\u017edy\u00adcky <g id=\"gid_2\">ote\u00adv\u0159e\u00adn\u00e9 ucho<\/g> a ud\u011bl\u00e1 si na v\u00e1s \u010das. V jeho <g id=\"gid_3\">p\u0159\u00edt\u00adom\u00adnos\u00adti <\/g>tak\u00e9 c\u00edt\u00ed\u00adte, \u017ee v\u00e1s oprav\u00addu <g id=\"gid_4\">bez\u00adpod\u00adm\u00ed\u00adne\u010dn\u011b <\/g>miluje. Jeho jm\u00e9\u00adno je <g id=\"gid_5\">Je\u017e\u00ed\u0161<\/g>. Mo\u017en\u00e1 jste o n\u011bm u\u017e sly\u0161e\u00adli. Mo\u017en\u00e1 jste si o n\u011bm tak\u00e9 vyt\u00advo\u0159i\u00adli p\u0159edsta\u00advu nebo jste ho p\u0159e\u00adde\u00adv\u010d\u00ed\u00adrem odep\u00adsa\u00adli jako mil\u00e9\u00adho chlap\u00ed\u00adka. Mohu v\u00e1s v\u0161ak poz\u00advat, abys\u00adte ho zno\u00advu bez v\u00fdh\u00adrad poz\u00adna\u00adli? V\u00edce se o n\u011bm doz\u00adv\u00ed\u00adte zde:<a href=\"https:\/\/jeliebt.de\/darf-ich-vorstellen\/\" data-type=\"post\" data-id=\"924\">\u201cZos\u00adob\u00adn\u011bn\u00e1 l\u00e1s\u00adka<\/a>\u201d].          <\/p>\n\n<p><\/p>\n","protected":false},"excerpt":{"rendered":"<p>Co se v\u00e1m hon\u00ed hla\u00advou, kdy\u017e sly\u0161\u00ed\u00adte toto tvr\u00adzen\u00ed? V\u011b\u0159\u00ed\u00adte mu? C\u00edt\u00ed\u00adte to? My lid\u00e9 chce\u00adme b\u00fdt mil\u00ado\u00adv\u00e1\u00adni tako\u00adv\u00ed, jac\u00ed jsme. Ani\u017e bychom pro to muse\u00adli n\u011bco ud\u011blat. P\u0159es\u00adn\u011b tak. A\u0165 u\u017e to hlub\u00ado\u00adko uvni\u00adt\u0159 c\u00edt\u00ed\u00adte, nebo ne, v\u0161ich\u00adni m\u00e1me tuto pot\u0159e\u00adbu v sob\u011b. Pro\u00adto je t\u00e9ma l\u00e1s\u00adky tak \u010das\u00adt\u00e9 v ka\u017e\u00addo\u00adden\u00adn\u00edm \u017eivo\u00adt\u011b i v [\u2026]<\/p>\n","protected":false},"author":2,"featured_media":3647,"comment_status":"closed","ping_status":"closed","sticky":false,"template":"","format":"standard","meta":{"_acf_changed":false,"wp_typography_post_enhancements_disabled":false,"footnotes":""},"categories":[61],"tags":[],"class_list":["post-3646","post","type-post","status-publish","format-standard","has-post-thumbnail","hentry","category-prispevek-na-blogu"],"acf":[],"_links":{"self":[{"href":"https:\/\/jeliebt.de\/cs\/wp-json\/wp\/v2\/posts\/3646","targetHints":{"allow":["GET"]}}],"collection":[{"href":"https:\/\/jeliebt.de\/cs\/wp-json\/wp\/v2\/posts"}],"about":[{"href":"https:\/\/jeliebt.de\/cs\/wp-json\/wp\/v2\/types\/post"}],"author":[{"embeddable":true,"href":"https:\/\/jeliebt.de\/cs\/wp-json\/wp\/v2\/users\/2"}],"replies":[{"embeddable":true,"href":"https:\/\/jeliebt.de\/cs\/wp-json\/wp\/v2\/comments?post=3646"}],"version-history":[{"count":1,"href":"https:\/\/jeliebt.de\/cs\/wp-json\/wp\/v2\/posts\/3646\/revisions"}],"predecessor-version":[{"id":3648,"href":"https:\/\/jeliebt.de\/cs\/wp-json\/wp\/v2\/posts\/3646\/revisions\/3648"}],"wp:featuredmedia":[{"embeddable":true,"href":"https:\/\/jeliebt.de\/cs\/wp-json\/wp\/v2\/media\/3647"}],"wp:attachment":[{"href":"https:\/\/jeliebt.de\/cs\/wp-json\/wp\/v2\/media?parent=3646"}],"wp:term":[{"taxonomy":"category","embeddable":true,"href":"https:\/\/jeliebt.de\/cs\/wp-json\/wp\/v2\/categories?post=3646"},{"taxonomy":"post_tag","embeddable":true,"href":"https:\/\/jeliebt.de\/cs\/wp-json\/wp\/v2\/tags?post=3646"}],"curies":[{"name":"wp","href":"https:\/\/api.w.org\/{rel}","templated":true}]}}