{"id":3635,"date":"2025-01-16T15:30:46","date_gmt":"2025-01-16T14:30:46","guid":{"rendered":"https:\/\/jeliebt.de\/real-life-obros\/"},"modified":"2025-11-26T11:39:55","modified_gmt":"2025-11-26T10:39:55","slug":"real-life-obros","status":"publish","type":"post","link":"https:\/\/jeliebt.de\/cs\/real-life-obros\/","title":{"rendered":"REAL LIFE \u2014 O\u2019Bros"},"content":{"rendered":"\n<p>Ten\u00adto obr\u00e1\u00adzek doce\u00adla dob\u0159e popi\u00adsu\u00adje, jak se n\u011bk\u00addy c\u00edt\u00ed <strong>sku\u00adte\u010dn\u00fd \u017eivot<\/strong>: <strong>upro\u00ads\u00adt\u0159ed \u017eivo\u00adta,<\/strong> ale tak\u00e9 ve v\u00fdz\u00adv\u00e1ch a de\u0161\u00adti ka\u017e\u00addo\u00adden\u00adn\u00ed\u00adho \u017eivo\u00adta. Pokud se v\u0161ak na n\u011bj pod\u00ed\u00adv\u00e1\u00adte jako na celek, ten\u00adto strom se nemu\u00ads\u00ed ob\u00e1\u00advat <strong>\u017eivot\u00adn\u00edch bou\u0159\u00ed<\/strong>, pro\u00adto\u017ee je v <strong>bez\u00adpe\u010dn\u00fdch rukou<\/strong>. <\/p>\n\n<figure class=\"wp-block-embed is-type-video is-provider-youtube wp-block-embed-youtube wp-embed-aspect-16-9 wp-has-aspect-ratio\"><div class=\"wp-block-embed__wrapper\">\n<iframe title=\"REAL LIFE (O\u2019Bros) | Song f\u00fcr Philipp Mickenbecker \u271e\" width=\"800\" height=\"450\" src=\"https:\/\/www.youtube.com\/embed\/_OKojI3W5nU?feature=oembed\" frameborder=\"0\" allow=\"accelerometer; autoplay; clipboard-write; encrypted-media; gyroscope; picture-in-picture; web-share\" referrerpolicy=\"strict-origin-when-cross-origin\" allowfullscreen><\/iframe>\n<\/div><\/figure>\n\n<p><strong>\u201cA\u0165 se mi sta\u00adne coko\u00adli -<\/strong> ani vyso\u00adko, ani n\u00edz\u00adko, ale nebo\u00adj\u00ed\u00adme se,\u201d zp\u00ed\u00adva\u00adj\u00ed O\u2019Brot\u00adhers v p\u00eds\u00adni \u201cReal Life\u201d, kte\u00adrou v\u011bn\u00ado\u00adva\u00adli um\u00ed\u00adra\u00adj\u00ed\u00adc\u00ed\u00admu p\u0159\u00ed\u00adte\u00adli Phil\u00adip\u00adpu Micken\u00adbeck\u00adero\u00advi. Vyja\u00add\u0159u\u00adj\u00ed v n\u00ed to, co Pil\u00adipp v pos\u00adled\u00adn\u00edch m\u011bs\u00ed\u00adc\u00edch sv\u00e9\u00adho \u017eivo\u00adta zno\u00advu a zno\u00advu vyza\u0159\u00adoval: mil\u00adoval \u017eivot, ale z\u00e1ro\u00adve\u0148 se neb\u00e1l smrti, pro\u00adto\u017ee v\u011bd\u011bl, \u017ee je <g id=\"gid_1\">v bez\u00adpe\u010d\u00ed v Bo\u017e\u00edch rukou<\/g>. Pro\u00adto\u017ee zakou\u0161el, \u017ee B\u016fh je sku\u00adte\u010dn\u011b sku\u00adte\u010dn\u00fd <g id=\"gid_2\">\u017eivot<\/g>. Je\u017e\u00ed\u0161 \u0159\u00edk\u00e1: \u201cKdo se v\u0161ak napi\u00adje vody, kte\u00adrou mu d\u00e1m j\u00e1, u\u017e nik\u00addy nebu\u00adde \u017e\u00edz\u00adnit.\u201d A tak se stal \u017e\u00edz\u00adni\u00adv\u00fdm. (Bible, Jan 4, ver\u0161 14) Tak\u017ee jed\u00adno\u00addu\u0161e \u0159e\u010de\u00adno: \u201cU m\u011b naj\u00adde\u0161 v\u0161ech\u00adno, co <g id=\"gid_3\">uha\u00ads\u00ed<\/g>tvou <g id=\"gid_3\">\u017e\u00edze\u0148 po \u017eivo\u00adt\u011b<\/g>\u201d. Za\u017eil to Filip, za\u017ei\u00adli to man\u017eel\u00e9 O\u2019Bro\u00adso\u00advi a mno\u00adho dal\u0161\u00edch lid\u00ed, kte\u0159\u00ed se s Je\u017e\u00ed\u00ad\u0161em zap\u00adlet\u00adli. A m\u016f\u017ee\u00adte to za\u017e\u00edt i vy. <g id=\"gid_4\">Sta\u010d\u00ed to zku\u00adsit<\/g> a poz\u00advat Je\u017e\u00ed\u00ad\u0161e, aby vstou\u00adpil do va\u0161e\u00adho \u017eivo\u00adta. Pak za\u017ei\u00adjete, \u017ee v\u00edra nen\u00ed mrt\u00adv\u00e1 teo\u00adrie, ale \u017ee v\u00e1s nese sku\u00adte\u010dn\u00fdm \u017eivo\u00adtem \u2014 v dobr\u00fdch i n\u00e1ro\u010dn\u00fdch chv\u00ed\u00adl\u00edch.      <\/p>\n","protected":false},"excerpt":{"rendered":"<p>Ten\u00adto obr\u00e1\u00adzek doce\u00adla dob\u0159e popi\u00adsu\u00adje, jak se n\u011bk\u00addy c\u00edt\u00ed sku\u00adte\u010dn\u00fd \u017eivot: upro\u00ads\u00adt\u0159ed \u017eivo\u00adta, ale tak\u00e9 ve v\u00fdz\u00adv\u00e1ch a de\u0161\u00adti ka\u017e\u00addo\u00adden\u00adn\u00ed\u00adho \u017eivo\u00adta. Pokud se v\u0161ak na n\u011bj pod\u00ed\u00adv\u00e1\u00adte jako na celek, ten\u00adto strom se nemu\u00ads\u00ed ob\u00e1\u00advat \u017eivot\u00adn\u00edch bou\u0159\u00ed, pro\u00adto\u017ee je v bez\u00adpe\u010dn\u00fdch rukou. \u201cA\u0165 se mi sta\u00adne coko\u00adli \u2014 ani vyso\u00adko, ani n\u00edz\u00adko, ale nebo\u00adj\u00ed\u00adme se,\u201d [\u2026]<\/p>\n","protected":false},"author":2,"featured_media":3636,"comment_status":"closed","ping_status":"closed","sticky":false,"template":"","format":"standard","meta":{"_acf_changed":false,"wp_typography_post_enhancements_disabled":false,"footnotes":""},"categories":[61],"tags":[],"class_list":["post-3635","post","type-post","status-publish","format-standard","has-post-thumbnail","hentry","category-prispevek-na-blogu"],"acf":[],"_links":{"self":[{"href":"https:\/\/jeliebt.de\/cs\/wp-json\/wp\/v2\/posts\/3635","targetHints":{"allow":["GET"]}}],"collection":[{"href":"https:\/\/jeliebt.de\/cs\/wp-json\/wp\/v2\/posts"}],"about":[{"href":"https:\/\/jeliebt.de\/cs\/wp-json\/wp\/v2\/types\/post"}],"author":[{"embeddable":true,"href":"https:\/\/jeliebt.de\/cs\/wp-json\/wp\/v2\/users\/2"}],"replies":[{"embeddable":true,"href":"https:\/\/jeliebt.de\/cs\/wp-json\/wp\/v2\/comments?post=3635"}],"version-history":[{"count":1,"href":"https:\/\/jeliebt.de\/cs\/wp-json\/wp\/v2\/posts\/3635\/revisions"}],"predecessor-version":[{"id":3638,"href":"https:\/\/jeliebt.de\/cs\/wp-json\/wp\/v2\/posts\/3635\/revisions\/3638"}],"wp:featuredmedia":[{"embeddable":true,"href":"https:\/\/jeliebt.de\/cs\/wp-json\/wp\/v2\/media\/3636"}],"wp:attachment":[{"href":"https:\/\/jeliebt.de\/cs\/wp-json\/wp\/v2\/media?parent=3635"}],"wp:term":[{"taxonomy":"category","embeddable":true,"href":"https:\/\/jeliebt.de\/cs\/wp-json\/wp\/v2\/categories?post=3635"},{"taxonomy":"post_tag","embeddable":true,"href":"https:\/\/jeliebt.de\/cs\/wp-json\/wp\/v2\/tags?post=3635"}],"curies":[{"name":"wp","href":"https:\/\/api.w.org\/{rel}","templated":true}]}}