{"id":3632,"date":"2025-01-16T15:45:45","date_gmt":"2025-01-16T14:45:45","guid":{"rendered":"https:\/\/jeliebt.de\/real-life-znameni-z-nebe\/"},"modified":"2025-11-26T11:39:50","modified_gmt":"2025-11-26T10:39:50","slug":"real-life-znameni-z-nebe","status":"publish","type":"post","link":"https:\/\/jeliebt.de\/cs\/real-life-znameni-z-nebe\/","title":{"rendered":"REAL LIFE \u2014 Znamen\u00ed z nebe?"},"content":{"rendered":"\n<p>Kdo zn\u00e1 \u017eivot\u00adn\u00ed p\u0159\u00ed\u00adb\u011bh <strong>Phil\u00adip\u00adpa Micken\u00adbe\u00adckera<\/strong> (\u2020 09.06.2021), v\u00ed, \u017ee si p\u0159i sv\u00e9 ces\u00adt\u011b na Island p\u0159\u00e1l <strong>pol\u00e1rn\u00ed z\u00e1\u0159i<\/strong>. M\u00edst\u00adn\u00ed oby\u00adva\u00adtel\u00e9 \u0159\u00edka\u00adli, \u017ee je to v tom\u00adto ro\u010dn\u00edm obdo\u00adb\u00ed vel\u00admi <g id=\"gid_2\">neprav\u00add\u011b\u00adpo\u00add\u00adob\u00adn\u00e9<\/g>. Filip v\u0161ak po\u017e\u00e1\u00addal Boha, aby mu seslal pol\u00e1rn\u00ed z\u00e1\u0159i na <g id=\"gid_3\">zna\u00admen\u00ed,<\/g> \u017ee ho vys\u00adly\u0161el. A najed\u00adnou se pol\u00e1rn\u00ed z\u00e1\u0159e ne\u010de\u00adkan\u011b obje\u00advi\u00adly.   <\/p>\n\n<figure class=\"wp-block-embed is-type-video is-provider-youtube wp-block-embed-youtube wp-embed-aspect-16-9 wp-has-aspect-ratio\"><div class=\"wp-block-embed__wrapper\">\n<iframe title=\"Werde ich wieder gesund?\" width=\"800\" height=\"450\" src=\"https:\/\/www.youtube.com\/embed\/tfIHXqRVxNc?feature=oembed\" frameborder=\"0\" allow=\"accelerometer; autoplay; clipboard-write; encrypted-media; gyroscope; picture-in-picture; web-share\" referrerpolicy=\"strict-origin-when-cross-origin\" allowfullscreen><\/iframe>\n<\/div><\/figure>\n\n<figure class=\"wp-block-embed is-type-video is-provider-youtube wp-block-embed-youtube wp-embed-aspect-16-9 wp-has-aspect-ratio\"><div class=\"wp-block-embed__wrapper\">\n<iframe title=\"Polarlicht \u00fcber Deutschland (northern lights) 18.\/19. September 2023\" width=\"800\" height=\"450\" src=\"https:\/\/www.youtube.com\/embed\/cgP9CsVE4PI?feature=oembed\" frameborder=\"0\" allow=\"accelerometer; autoplay; clipboard-write; encrypted-media; gyroscope; picture-in-picture; web-share\" referrerpolicy=\"strict-origin-when-cross-origin\" allowfullscreen><\/iframe>\n<\/div><\/figure>\n\n<p>Filip si zna\u00admen\u00ed vylo\u017eil jako pot\u00advr\u00adzen\u00ed, \u017ee ho B\u016fh uzdra\u00adv\u00ed. P\u0159es\u00adto\u017ee \u017eil navz\u00addo\u00adry rako\u00advin\u011b tak dlo\u00adu\u00adho, zem\u0159el. A opr\u00e1v\u00adn\u011bn\u00e1 ot\u00e1z\u00adka zn\u00ed: byla to jen <g id=\"gid_0\">n\u00e1ho\u00adda, nebo<\/g> <g id=\"gid_1\">Bo\u017e\u00ed zna\u00admen\u00ed<\/g>? Ale v den sv\u011b\u00adto\u00adv\u00e9 pre\u00admi\u00e9\u00adry (18.09.23) fil\u00admu \u201cOprav\u00addo\u00adv\u00fd \u017eivot\u201d v\u0161ech dn\u016f bylo mo\u017e\u00adn\u00e9 nad N\u011bme\u00adckem pozo\u00adro\u00advat <strong>pol\u00e1rn\u00ed z\u00e1\u0159i<\/strong>.   <\/p>\n\n<p>Kdy\u017e jsem se o tom doz\u00adv\u011b\u00add\u011bl, vel\u00admi m\u011b to doja\u00adlo. Vn\u00ed\u00adm\u00e1m to jako Bo\u017e\u00ed l\u00e1s\u00adky\u00adpln\u00e9 pot\u00advr\u00adzen\u00ed toho, \u017ee Filip\u00adpo\u00advi skrze pol\u00e1rn\u00ed z\u00e1\u0159i sku\u00adte\u010dn\u011b uk\u00e1\u00adzal, \u017ee tam je. Sku\u00adte\u010d\u00adnost, \u017ee pol\u00e1rn\u00ed z\u00e1\u0159e byly vidi\u00adtel\u00adn\u00e9 na pre\u00admi\u00e9\u00ad\u0159e v\u0161ech dob, vn\u00ed\u00adm\u00e1m jako <g id=\"gid_0\">l\u00e1s\u00adky\u00adpln\u00e9 Bo\u017e\u00ed zna\u00admen\u00ed<\/g>, kte\u00adr\u00e9 lze snad takto inter\u00adpre\u00adto\u00advat: \u201cI kdy\u017e to dopad\u00adlo jinak, ne\u017e Phil\u00adipp dou\u00adfal: V\u017edy\u00adcky jsem tam byl. \u2014 B\u016fh\u201d. Fili\u00adpo\u00adv\u011b smrti nero\u00adzu\u00adm\u00edm, ale uzn\u00e1\u00adv\u00e1m, \u017ee B\u016fh se skrze Filip\u016fv \u017eivot a smrt dotkl <strong>mili\u00adon\u016f<\/strong> <strong>lid\u00ed<\/strong> a chce je poz\u00advat, aby ho osob\u00adn\u011b poz\u00adna\u00adli a zaku\u00ads\u00adi\u00adli jeho l\u00e1s\u00adku, kter\u00e1 p\u0159e\u00adsa\u00adhu\u00adje smrt. Je\u017e\u00ed\u0161 slibu\u00adje: \u201cJ\u00e1 jsem <g id=\"gid_3\">vzk\u0159\u00ed\u00ad\u0161en\u00ed<\/g> a <g id=\"gid_4\">\u017eivot.<\/g> Kdo v\u011b\u0159\u00ed ve mne, bude \u017e\u00edt, i kdy\u00adby zem\u0159el.\u201d (Bible: Jan 11, ver\u0161 25). Je\u017e\u00ed\u0161 je vzd\u00e1\u00adlen jen na jed\u00adnu mod\u00adlit\u00adbu. <a href=\"https:\/\/jeliebt.de\/jesus-kennenlernen\/\" data-type=\"page\" data-id=\"1922\">Zde<\/a> se m\u016f\u017ee\u00adte doz\u00adv\u011b\u00add\u011bt v\u00edce o tom, jak ho m\u016f\u017ee\u00adte poz\u00advat do sv\u00e9\u00adho \u017eivo\u00adta.     <\/p>\n","protected":false},"excerpt":{"rendered":"<p>Kdo zn\u00e1 \u017eivot\u00adn\u00ed p\u0159\u00ed\u00adb\u011bh Phil\u00adip\u00adpa Micken\u00adbe\u00adckera (\u2020 09.06.2021), v\u00ed, \u017ee si p\u0159i sv\u00e9 ces\u00adt\u011b na Island p\u0159\u00e1l pol\u00e1rn\u00ed z\u00e1\u0159i. M\u00edst\u00adn\u00ed oby\u00adva\u00adtel\u00e9 \u0159\u00edka\u00adli, \u017ee je to v tom\u00adto ro\u010dn\u00edm obdo\u00adb\u00ed vel\u00admi neprav\u00add\u011b\u00adpo\u00add\u00adob\u00adn\u00e9. Filip v\u0161ak po\u017e\u00e1\u00addal Boha, aby mu seslal pol\u00e1rn\u00ed z\u00e1\u0159i na zna\u00admen\u00ed, \u017ee ho vys\u00adly\u0161el. A najed\u00adnou se pol\u00e1rn\u00ed z\u00e1\u0159e ne\u010de\u00adkan\u011b obje\u00advi\u00adly. Filip si zna\u00admen\u00ed [\u2026]<\/p>\n","protected":false},"author":2,"featured_media":3633,"comment_status":"closed","ping_status":"closed","sticky":false,"template":"","format":"standard","meta":{"_acf_changed":false,"wp_typography_post_enhancements_disabled":false,"footnotes":""},"categories":[61],"tags":[],"class_list":["post-3632","post","type-post","status-publish","format-standard","has-post-thumbnail","hentry","category-prispevek-na-blogu"],"acf":[],"_links":{"self":[{"href":"https:\/\/jeliebt.de\/cs\/wp-json\/wp\/v2\/posts\/3632","targetHints":{"allow":["GET"]}}],"collection":[{"href":"https:\/\/jeliebt.de\/cs\/wp-json\/wp\/v2\/posts"}],"about":[{"href":"https:\/\/jeliebt.de\/cs\/wp-json\/wp\/v2\/types\/post"}],"author":[{"embeddable":true,"href":"https:\/\/jeliebt.de\/cs\/wp-json\/wp\/v2\/users\/2"}],"replies":[{"embeddable":true,"href":"https:\/\/jeliebt.de\/cs\/wp-json\/wp\/v2\/comments?post=3632"}],"version-history":[{"count":1,"href":"https:\/\/jeliebt.de\/cs\/wp-json\/wp\/v2\/posts\/3632\/revisions"}],"predecessor-version":[{"id":3634,"href":"https:\/\/jeliebt.de\/cs\/wp-json\/wp\/v2\/posts\/3632\/revisions\/3634"}],"wp:featuredmedia":[{"embeddable":true,"href":"https:\/\/jeliebt.de\/cs\/wp-json\/wp\/v2\/media\/3633"}],"wp:attachment":[{"href":"https:\/\/jeliebt.de\/cs\/wp-json\/wp\/v2\/media?parent=3632"}],"wp:term":[{"taxonomy":"category","embeddable":true,"href":"https:\/\/jeliebt.de\/cs\/wp-json\/wp\/v2\/categories?post=3632"},{"taxonomy":"post_tag","embeddable":true,"href":"https:\/\/jeliebt.de\/cs\/wp-json\/wp\/v2\/tags?post=3632"}],"curies":[{"name":"wp","href":"https:\/\/api.w.org\/{rel}","templated":true}]}}