{"id":3626,"date":"2025-01-16T16:01:12","date_gmt":"2025-01-16T15:01:12","guid":{"rendered":"https:\/\/jeliebt.de\/philipp-milovan-az-za-hrob\/"},"modified":"2025-11-26T11:39:50","modified_gmt":"2025-11-26T10:39:50","slug":"philipp-milovan-az-za-hrob","status":"publish","type":"post","link":"https:\/\/jeliebt.de\/cs\/philipp-milovan-az-za-hrob\/","title":{"rendered":"Philipp \u2014 Milov\u00e1n a\u017e za hrob?"},"content":{"rendered":"\n<p>S Phil\u00adip\u00adpem Micken\u00adbe\u00adcke\u00adrem jsem m\u011bl to pot\u011b\u0161en\u00ed se osob\u00adn\u011b set\u00adkat 24. pro\u00adsin\u00adce 2020. Zem\u0159el o \u0161est m\u011bs\u00ed\u00adc\u016f poz\u00add\u011b\u00adji. Jeho \u017eivot a smrt <g id=\"gid_0\">se<\/g> v\u0161ak <g id=\"gid_0\">dotkly mili\u00adon\u016f lid\u00ed<\/g>. <strong>Influen\u00adcer<\/strong> zn\u00e1\u00adm\u00fd z po\u0159a\u00addu \u201cKlu\u00adci ze sku\u00adte\u010d\u00adn\u00e9\u00adho \u017eivo\u00adta\u201d se obje\u00advil t\u00e9m\u011b\u0159 ve v\u0161ech zn\u00e1\u00adm\u00fdch talk show. Ve sv\u00fdch roz\u00adho\u00advor\u00adech vyza\u0159\u00adoval <g id=\"gid_2\">auten\u00adti\u00adck\u00adou radost<\/g> a <g id=\"gid_3\">klid<\/g>, p\u0159es\u00adto\u017ee st\u00e1\u00adle boj\u00adoval s rako\u00advi\u00adnou. Opa\u00adko\u00advan\u011b zd\u016fra\u00adz\u0148\u00adoval, \u017ee <g id=\"gid_4\">zdro\u00adjem jeho s\u00edly a nad\u011b\u00adje je Je\u017e\u00ed\u0161<\/g>. Zd\u00e1\u00adlo se, \u017ee se c\u00edt\u00ed Je\u017e\u00ed\u00ad\u0161em sku\u00adte\u010dn\u011b mil\u00ado\u00adv\u00e1n: \u201cA\u0165 u\u017e budu \u017e\u00edt, nebo zem\u0159u \u2014 v\u011b\u0159\u00edm Je\u017e\u00ed\u00ad\u0161i\u201d. Jak se ale m\u016f\u017ee\u00adte c\u00edtit mil\u00ado\u00adv\u00e1\u00adni n\u011bk\u00fdm, koho nevi\u00add\u00ed\u00adte?       <\/p>\n\n<p>Ste\u00adjn\u011b jako \u010dlo\u00adv\u011bk nevi\u00add\u00ed v\u00edtr, ale c\u00edt\u00ed jeho \u00fa\u010din\u00adky, tak i on za\u017eil Je\u017e\u00ed\u00ad\u0161e a zakus\u00adil od n\u011bj <strong>hlub\u00ado\u00adk\u00fd vni\u00adt\u0159n\u00ed pokoj<\/strong>. To mu umo\u017e\u00adni\u00adlo klid\u00adn\u011b sp\u00e1t i v<strong> hodin\u011b smrti<\/strong> a ode\u00adj\u00edt dom\u016f ke sv\u00e9\u00admu nebes\u00adk\u00e9\u00admu Otci. P\u0159i\u00adjal poz\u00adv\u00e1\u00adn\u00ed od Je\u017e\u00ed\u00ad\u0161e, kter\u00fd sl\u00ed\u00adbil: \u201cKa\u017e\u00add\u00fd, kdo ve mne v\u011b\u0159\u00ed, neza\u00adhy\u00adne, ale bude m\u00edt v\u011b\u010dn\u00fd \u017eivot u Boha\u201d (Bible pod\u00adle Jana 3, ver\u0161 16). V roz\u00adho\u00advor\u00adech (viz n\u00ed\u017ee) ote\u00adv\u0159en\u011b hovo\u0159\u00ed o <strong>sv\u00fdch z\u00e1pasech,<\/strong> ale tak\u00e9 o <strong>nad\u011b\u00adji, kter\u00e1<\/strong> p\u0159e\u00adsa\u00adhu\u00adje smrt.   <\/p>\n\n<p>P.S.: Pokud se chce\u00adte doz\u00adv\u011b\u00add\u011bt v\u00edce o tom, jak poz\u00advat Je\u017e\u00ed\u00ad\u0161e do sv\u00e9\u00adho \u017eivo\u00adta, kli\u00adkn\u011b\u00adte <a href=\"https:\/\/jeliebt.de\/jesus-kennenlernen\/\" data-type=\"page\" data-id=\"1922\">zde<\/a>.<\/p>\n\n<figure class=\"wp-block-embed is-type-video is-provider-youtube wp-block-embed-youtube wp-embed-aspect-16-9 wp-has-aspect-ratio\"><div class=\"wp-block-embed__wrapper\">\n<iframe title=\"Philipps Beerdigung\" width=\"800\" height=\"450\" src=\"https:\/\/www.youtube.com\/embed\/HZq5kGuZAvw?feature=oembed\" frameborder=\"0\" allow=\"accelerometer; autoplay; clipboard-write; encrypted-media; gyroscope; picture-in-picture; web-share\" referrerpolicy=\"strict-origin-when-cross-origin\" allowfullscreen><\/iframe>\n<\/div><\/figure>\n\n<p><strong>Real Life Song by the O\u2019Bros<\/strong><br>Tato p\u00edse\u0148 se v\u00e1m dosta\u00adne pod k\u016f\u017ei a popi\u00adsu\u00adje <strong>nad\u011b\u00adji, kte\u00adrou<\/strong> v sob\u011b Phil\u00adipp nosil.<\/p>\n\n<figure class=\"wp-block-embed is-type-video is-provider-youtube wp-block-embed-youtube wp-embed-aspect-16-9 wp-has-aspect-ratio\"><div class=\"wp-block-embed__wrapper\">\nhttps:\/\/youtube.com\/watch?v=FzGovGDhIJA\n<\/div><\/figure>\n\n<p><strong>Doku\u00admen\u00adt\u00e1rn\u00ed film z NDR<\/strong><br>Ten\u00adto doku\u00admen\u00adt\u00e1rn\u00ed film infor\u00admu\u00adje o Phil\u00adip\u00adpo\u00adv\u011b <strong>nemo\u00adci <\/strong>a o tom, jak se s n\u00ed vypo\u00ad\u0159\u00e1\u00addal.<\/p>\n\n<figure class=\"wp-block-embed is-type-video is-provider-youtube wp-block-embed-youtube wp-embed-aspect-16-9 wp-has-aspect-ratio\"><div class=\"wp-block-embed__wrapper\">\n<iframe title=\"&quot;Ob ich lebe oder sterbe - ich vertraue Jesus&quot;\" width=\"800\" height=\"450\" src=\"https:\/\/www.youtube.com\/embed\/KOIf0mI5TS0?feature=oembed\" frameborder=\"0\" allow=\"accelerometer; autoplay; clipboard-write; encrypted-media; gyroscope; picture-in-picture; web-share\" referrerpolicy=\"strict-origin-when-cross-origin\" allowfullscreen><\/iframe>\n<\/div><\/figure>\n\n<p><strong>Roz\u00adho\u00advor ERF Mensch\u00adGott<\/strong><br>V tom\u00adto roz\u00adho\u00advoru Phil\u00adipp p\u0159i\u00adb\u00adli\u017eu\u00adje <strong>,<\/strong> jak ho v \u017eivo\u00adt\u011b pod\u00adpo\u00adru\u00adje jeho <strong>v\u00edra <\/strong>.<\/p>\n\n<figure class=\"wp-block-embed is-type-video is-provider-youtube wp-block-embed-youtube wp-embed-aspect-16-9 wp-has-aspect-ratio\"><div class=\"wp-block-embed__wrapper\">\n<iframe title=\"Philipps Beerdigung\" width=\"800\" height=\"450\" src=\"https:\/\/www.youtube.com\/embed\/HZq5kGuZAvw?feature=oembed\" frameborder=\"0\" allow=\"accelerometer; autoplay; clipboard-write; encrypted-media; gyroscope; picture-in-picture; web-share\" referrerpolicy=\"strict-origin-when-cross-origin\" allowfullscreen><\/iframe>\n<\/div><\/figure>\n\n<p><strong>Poh\u0159eb\u00adn\u00ed ob\u0159ad<\/strong><br>Zde je nez\u00adkr\u00e1\u00adcen\u00fd Filip\u016fv <strong>poh\u0159eb\u00adn\u00ed ob\u0159ad <\/strong>. Jeho p\u0159\u00e1\u00adn\u00edm bylo, aby lid\u00e9 p\u0159i\u0161\u00adli oble\u010de\u00adni v b\u00edl\u00e9m\u2026 <\/p>\n","protected":false},"excerpt":{"rendered":"<p>S Phil\u00adip\u00adpem Micken\u00adbe\u00adcke\u00adrem jsem m\u011bl to pot\u011b\u0161en\u00ed se osob\u00adn\u011b set\u00adkat 24. pro\u00adsin\u00adce 2020. Zem\u0159el o \u0161est m\u011bs\u00ed\u00adc\u016f poz\u00add\u011b\u00adji. Jeho \u017eivot a smrt se v\u0161ak dotkly mili\u00adon\u016f lid\u00ed. Influen\u00adcer zn\u00e1\u00adm\u00fd z po\u0159a\u00addu \u201cKlu\u00adci ze sku\u00adte\u010d\u00adn\u00e9\u00adho \u017eivo\u00adta\u201d se obje\u00advil t\u00e9m\u011b\u0159 ve v\u0161ech zn\u00e1\u00adm\u00fdch talk show. Ve sv\u00fdch roz\u00adho\u00advor\u00adech vyza\u0159\u00adoval auten\u00adti\u00adck\u00adou radost a klid, p\u0159es\u00adto\u017ee st\u00e1\u00adle boj\u00adoval s [\u2026]<\/p>\n","protected":false},"author":2,"featured_media":3627,"comment_status":"closed","ping_status":"closed","sticky":false,"template":"","format":"standard","meta":{"_acf_changed":false,"wp_typography_post_enhancements_disabled":false,"footnotes":""},"categories":[61],"tags":[],"class_list":["post-3626","post","type-post","status-publish","format-standard","has-post-thumbnail","hentry","category-prispevek-na-blogu"],"acf":[],"_links":{"self":[{"href":"https:\/\/jeliebt.de\/cs\/wp-json\/wp\/v2\/posts\/3626","targetHints":{"allow":["GET"]}}],"collection":[{"href":"https:\/\/jeliebt.de\/cs\/wp-json\/wp\/v2\/posts"}],"about":[{"href":"https:\/\/jeliebt.de\/cs\/wp-json\/wp\/v2\/types\/post"}],"author":[{"embeddable":true,"href":"https:\/\/jeliebt.de\/cs\/wp-json\/wp\/v2\/users\/2"}],"replies":[{"embeddable":true,"href":"https:\/\/jeliebt.de\/cs\/wp-json\/wp\/v2\/comments?post=3626"}],"version-history":[{"count":1,"href":"https:\/\/jeliebt.de\/cs\/wp-json\/wp\/v2\/posts\/3626\/revisions"}],"predecessor-version":[{"id":3628,"href":"https:\/\/jeliebt.de\/cs\/wp-json\/wp\/v2\/posts\/3626\/revisions\/3628"}],"wp:featuredmedia":[{"embeddable":true,"href":"https:\/\/jeliebt.de\/cs\/wp-json\/wp\/v2\/media\/3627"}],"wp:attachment":[{"href":"https:\/\/jeliebt.de\/cs\/wp-json\/wp\/v2\/media?parent=3626"}],"wp:term":[{"taxonomy":"category","embeddable":true,"href":"https:\/\/jeliebt.de\/cs\/wp-json\/wp\/v2\/categories?post=3626"},{"taxonomy":"post_tag","embeddable":true,"href":"https:\/\/jeliebt.de\/cs\/wp-json\/wp\/v2\/tags?post=3626"}],"curies":[{"name":"wp","href":"https:\/\/api.w.org\/{rel}","templated":true}]}}