{"id":3620,"date":"2025-01-16T16:07:50","date_gmt":"2025-01-16T15:07:50","guid":{"rendered":"https:\/\/jeliebt.de\/pribehy-ze-skutecneho-zivota\/"},"modified":"2025-11-26T11:39:50","modified_gmt":"2025-11-26T10:39:50","slug":"pribehy-ze-skutecneho-zivota","status":"publish","type":"post","link":"https:\/\/jeliebt.de\/cs\/pribehy-ze-skutecneho-zivota\/","title":{"rendered":"P\u0159\u00edb\u011bhy ze skute\u010dn\u00e9ho \u017eivota"},"content":{"rendered":"\n<p>Osob\u00adn\u00ed zku\u0161en\u00ados\u00adti, inspi\u00adra\u00adtiv\u00adn\u00ed p\u0159\u00ed\u00adb\u011bhy: lid\u00e9 vypr\u00e1\u00adv\u011b\u00adj\u00ed o sv\u00fdch v\u00fdz\u00adv\u00e1ch a hle\u00add\u00e1\u00adn\u00ed l\u00e1s\u00adky. A\u010dko\u00adli se nav\u00adz\u00e1\u00adjem nez\u00adna\u00adj\u00ed, jed\u00adno maj\u00ed spo\u00adle\u010d\u00adn\u00e9\u2026 <\/p>\n\n<figure class=\"wp-block-embed is-type-video is-provider-youtube wp-block-embed-youtube wp-embed-aspect-16-9 wp-has-aspect-ratio\"><div class=\"wp-block-embed__wrapper\">\n<iframe title=\"\u201eLiebe tut nur weh\u201c | Heilung der Gef\u00fchle erlebt | #ERFMenschGott\" width=\"800\" height=\"450\" src=\"https:\/\/www.youtube.com\/embed\/IxE32dS35ec?feature=oembed\" frameborder=\"0\" allow=\"accelerometer; autoplay; clipboard-write; encrypted-media; gyroscope; picture-in-picture; web-share\" referrerpolicy=\"strict-origin-when-cross-origin\" allowfullscreen><\/iframe>\n<\/div><\/figure>\n\n<p>\u201cL\u00e1s\u00adka je p\u0159\u00ed\u00adli\u0161 boles\u00adti\u00adv\u00e1, u\u017e s n\u00ed nech\u00adci m\u00edt nic spo\u00adle\u010d\u00adn\u00e9\u00adho!\u201d Dori\u00adna K\u00fch\u00adno\u00adv\u00e1 se takto roz\u00adho\u00addu\u00adje jako mla\u00add\u00e1 \u017eena. P\u0159\u00ed\u00adli\u0161 mno\u00adho lid\u00ed ji zkla\u00adma\u00adlo a zrani\u00adlo a bole\u00adst srdce, kter\u00e1 ji tr\u00e1\u00adp\u00ed, je p\u0159\u00ed\u00adli\u0161 vel\u00adk\u00e1. V ur\u010di\u00adt\u00e9m okam\u017ei\u00adku si to v\u0161ak mus\u00ed p\u0159iz\u00adnat: Mo\u017en\u00e1 u\u017e m\u011b nic nebol\u00ed, ale ani m\u011b nic net\u011b\u0161\u00ed\u2026   <\/p>\n\n<figure class=\"wp-block-embed is-type-video is-provider-youtube wp-block-embed-youtube wp-embed-aspect-16-9 wp-has-aspect-ratio\"><div class=\"wp-block-embed__wrapper\">\n<iframe title=\"Sehnsucht nach Liebe | &quot;Ich war unberechenbar&quot; | Gott Ultimatum gestellt | #ERFMenschGott\" width=\"800\" height=\"450\" src=\"https:\/\/www.youtube.com\/embed\/kCUg7TCC0DQ?feature=oembed\" frameborder=\"0\" allow=\"accelerometer; autoplay; clipboard-write; encrypted-media; gyroscope; picture-in-picture; web-share\" referrerpolicy=\"strict-origin-when-cross-origin\" allowfullscreen><\/iframe>\n<\/div><\/figure>\n\n<p>Zat\u00e1h\u00adne ru\u010dn\u00ed brz\u00addu na pln\u00fd plyn \u2014 jen aby vid\u011bl, co se sta\u00adne. Cho\u00adv\u00e1\u00adn\u00ed Sebas\u00adtia\u00adna Banz\u00adha\u00adfa je nep\u0159ed\u00adv\u00edd\u00adatel\u00adn\u00e9. P\u0159es\u00adto\u017ee tou\u017e\u00ed po uzn\u00e1\u00adn\u00ed a l\u00e1s\u00adce, ni\u010d\u00ed v\u0161ech\u00adna sv\u00e1 p\u0159\u00e1\u00adtelst\u00adv\u00ed. C\u00edt\u00ed se napros\u00adto bez\u00adcen\u00adn\u00fd a sna\u017e\u00ed se otu\u00adpit alko\u00adholem a dro\u00adga\u00admi. Na Sil\u00adves\u00adtra roku 2009 se dosta\u00adne a\u017e na sam\u00e9 dno a d\u00e1 Bohu ultim\u00e1\u00adtum\u2026    <\/p>\n\n<figure class=\"wp-block-embed is-type-video is-provider-youtube wp-block-embed-youtube wp-embed-aspect-16-9 wp-has-aspect-ratio\"><div class=\"wp-block-embed__wrapper\">\n<iframe title=\"Teufelskreis On-Off-Beziehung | Auf der Suche nach echter Liebe | Abh\u00e4ngige Beziehung \u00fcberwunden\" width=\"800\" height=\"450\" src=\"https:\/\/www.youtube.com\/embed\/73jPdOZ21BU?feature=oembed\" frameborder=\"0\" allow=\"accelerometer; autoplay; clipboard-write; encrypted-media; gyroscope; picture-in-picture; web-share\" referrerpolicy=\"strict-origin-when-cross-origin\" allowfullscreen><\/iframe>\n<\/div><\/figure>\n\n<p>Sabi\u00adne Bl\u00f6\u00adchel\u00ado\u00adv\u00e1 se p\u0159i hle\u00add\u00e1\u00adn\u00ed l\u00e1s\u00adky dost\u00e1\u00adv\u00e1 do za\u010da\u00adro\u00adva\u00adn\u00e9\u00adho kruhu vztah\u016f, kte\u00adr\u00e9 se opa\u00adku\u00adj\u00ed. \u017d\u00e1r\u00adli\u00advost, l\u017ei, nev\u011bra \u2014 to v\u0161ech\u00adno sn\u00e1\u00ad\u0161\u00ed. P\u0159edsta\u00adva, \u017ee bude sama, j\u00ed p\u0159i\u00adpa\u00add\u00e1 mno\u00adhem hor\u0161\u00ed ne\u017e ten\u00adto z\u00e1vis\u00adl\u00fd vztah. \u00dapln\u011b na sebe zan\u00adev\u0159e \u2014 dokud neu\u010din\u00ed p\u0159ek\u00adva\u00adpi\u00adv\u00fd objev, \u017ee sku\u00adte\u010dn\u011b exis\u00adtu\u00adje oprav\u00addo\u00adv\u00e1, bez\u00adpod\u00adm\u00ed\u00adne\u010dn\u00e1 l\u00e1s\u00adka.   <\/p>\n\n<figure class=\"wp-block-embed is-type-video is-provider-youtube wp-block-embed-youtube wp-embed-aspect-16-9 wp-has-aspect-ratio\"><div class=\"wp-block-embed__wrapper\">\n<iframe title=\"Buddhismus, Yoga, Meditation: Hippie findet die vollkommene Liebe | #ERFMenschGott\" width=\"800\" height=\"450\" src=\"https:\/\/www.youtube.com\/embed\/wL9KRvftFwQ?feature=oembed\" frameborder=\"0\" allow=\"accelerometer; autoplay; clipboard-write; encrypted-media; gyroscope; picture-in-picture; web-share\" referrerpolicy=\"strict-origin-when-cross-origin\" allowfullscreen><\/iframe>\n<\/div><\/figure>\n\n<p>Radost a l\u00e1s\u00adka \u2014 v tom hle\u00add\u00e1 Nathan Thur\u00adlow smysl \u017eivo\u00adta. Pat\u00adn\u00e1ct let ces\u00adt\u00adoval po jiho\u00adv\u00fdchod\u00adn\u00ed Asii a vyz\u00adkou\u0161el v\u0161ech\u00adny ces\u00adty, kte\u00adr\u00e9 slib\u00adova\u00adly osv\u00ed\u00adcen\u00ed: bud\u00addhis\u00admus, hin\u00addu\u00adis\u00admus, medit\u00ada\u00adci, r\u016fz\u00adn\u00e9 guruy, extr\u00e9mn\u00ed j\u00f3gu a dro\u00adgy. Ve sku\u00adte\u010d\u00adnos\u00adti nach\u00e1\u00adz\u00ed l\u00e1s\u00adku, kter\u00e1 p\u0159e\u00adkon\u00ad\u00e1\u00adv\u00e1 v\u0161ech\u00adny jeho zku\u0161en\u00ados\u00adti a uspo\u00adko\u00adju\u00adje jeho touhu\u2026  <\/p>\n\n<figure class=\"wp-block-embed is-type-video is-provider-youtube wp-block-embed-youtube wp-embed-aspect-16-9 wp-has-aspect-ratio\"><div class=\"wp-block-embed__wrapper\">\n<iframe title=\"Zweite Chance f\u00fcr die Liebe | &quot;Ich heiratete meinen Ex-Mann&quot; | Mensch, Gott!\" width=\"800\" height=\"450\" src=\"https:\/\/www.youtube.com\/embed\/762z0-k78KE?feature=oembed\" frameborder=\"0\" allow=\"accelerometer; autoplay; clipboard-write; encrypted-media; gyroscope; picture-in-picture; web-share\" referrerpolicy=\"strict-origin-when-cross-origin\" allowfullscreen><\/iframe>\n<\/div><\/figure>\n\n<p>Vztah Moniky a Ste\u00adf\u00ada\u00adna je v tro\u00ads\u00adk\u00e1ch. H\u00e1d\u00adky jsou na den\u00adn\u00edm po\u0159\u00e1d\u00adku a oba hle\u00adda\u00adj\u00ed \u00fat\u011bchu v mimo\u00adman\u017eels\u00adk\u00fdch af\u00e9\u00adr\u00e1ch. Vel\u00adk\u00e1 l\u00e1s\u00adka \u2014 kon\u00adec a kon\u00adec? Zda\u00adle\u00adka ne: pro\u00adto\u017ee pro Boha nen\u00ed nic nemo\u017e\u00adn\u00e9.   <\/p>\n\n<figure class=\"wp-block-embed is-type-video is-provider-youtube wp-block-embed-youtube wp-embed-aspect-16-9 wp-has-aspect-ratio\"><div class=\"wp-block-embed__wrapper\">\n<iframe title=\"Von \u00fcbernat\u00fcrlicher Liebe \u00fcberrascht | Lebenssinn gefunden | #ERFMenschGott\" width=\"800\" height=\"450\" src=\"https:\/\/www.youtube.com\/embed\/s951QrLU5zA?feature=oembed\" frameborder=\"0\" allow=\"accelerometer; autoplay; clipboard-write; encrypted-media; gyroscope; picture-in-picture; web-share\" referrerpolicy=\"strict-origin-when-cross-origin\" allowfullscreen><\/iframe>\n<\/div><\/figure>\n\n<p>Co je prav\u00adda \u2014 \u00c7a\u011f\u00adda\u015f G\u00fcn\u00adg\u00f6r je s tou\u00adto ot\u00e1z\u00adkou kon\u00adfron\u00adto\u00adv\u00e1n z ni\u010de\u00adho nic. Vyr\u016fs\u00adtal v soci\u00e1ln\u011b sla\u00adb\u00e9 \u010dtvr\u00adti a jeho dosa\u00advad\u00adn\u00ed \u017eivot cha\u00adrak\u00adte\u00adri\u00adz\u00adova\u00adly dro\u00adgy, pro\u00adsti\u00adtuce, n\u00e1sil\u00ed a nes\u00admys\u00adlnost. Vyd\u00e1\u00adv\u00e1 se na ces\u00adtu hle\u00add\u00e1\u00adn\u00ed a n\u00e1h\u00adle za\u017e\u00ed\u00adv\u00e1 nad\u00adp\u0159i\u00adro\u00adze\u00adn\u00e9 set\u00adk\u00e1\u00adn\u00ed a l\u00e1s\u00adku, kter\u00e1 nen\u00ed z toho\u00adto sv\u011b\u00adta\u2026  <\/p>\n","protected":false},"excerpt":{"rendered":"<p>Osob\u00adn\u00ed zku\u0161en\u00ados\u00adti, inspi\u00adra\u00adtiv\u00adn\u00ed p\u0159\u00ed\u00adb\u011bhy: lid\u00e9 vypr\u00e1\u00adv\u011b\u00adj\u00ed o sv\u00fdch v\u00fdz\u00adv\u00e1ch a hle\u00add\u00e1\u00adn\u00ed l\u00e1s\u00adky. A\u010dko\u00adli se nav\u00adz\u00e1\u00adjem nez\u00adna\u00adj\u00ed, jed\u00adno maj\u00ed spo\u00adle\u010d\u00adn\u00e9\u2026 \u201cL\u00e1s\u00adka je p\u0159\u00ed\u00adli\u0161 boles\u00adti\u00adv\u00e1, u\u017e s n\u00ed nech\u00adci m\u00edt nic spo\u00adle\u010d\u00adn\u00e9\u00adho!\u201d Dori\u00adna K\u00fch\u00adno\u00adv\u00e1 se takto roz\u00adho\u00addu\u00adje jako mla\u00add\u00e1 \u017eena. P\u0159\u00ed\u00adli\u0161 mno\u00adho lid\u00ed ji zkla\u00adma\u00adlo a zrani\u00adlo a bole\u00adst srdce, kter\u00e1 ji tr\u00e1\u00adp\u00ed, je p\u0159\u00ed\u00adli\u0161 vel\u00adk\u00e1. V [\u2026]<\/p>\n","protected":false},"author":2,"featured_media":3621,"comment_status":"closed","ping_status":"closed","sticky":false,"template":"","format":"standard","meta":{"_acf_changed":false,"wp_typography_post_enhancements_disabled":false,"footnotes":""},"categories":[61],"tags":[],"class_list":["post-3620","post","type-post","status-publish","format-standard","has-post-thumbnail","hentry","category-prispevek-na-blogu"],"acf":[],"_links":{"self":[{"href":"https:\/\/jeliebt.de\/cs\/wp-json\/wp\/v2\/posts\/3620","targetHints":{"allow":["GET"]}}],"collection":[{"href":"https:\/\/jeliebt.de\/cs\/wp-json\/wp\/v2\/posts"}],"about":[{"href":"https:\/\/jeliebt.de\/cs\/wp-json\/wp\/v2\/types\/post"}],"author":[{"embeddable":true,"href":"https:\/\/jeliebt.de\/cs\/wp-json\/wp\/v2\/users\/2"}],"replies":[{"embeddable":true,"href":"https:\/\/jeliebt.de\/cs\/wp-json\/wp\/v2\/comments?post=3620"}],"version-history":[{"count":1,"href":"https:\/\/jeliebt.de\/cs\/wp-json\/wp\/v2\/posts\/3620\/revisions"}],"predecessor-version":[{"id":3622,"href":"https:\/\/jeliebt.de\/cs\/wp-json\/wp\/v2\/posts\/3620\/revisions\/3622"}],"wp:featuredmedia":[{"embeddable":true,"href":"https:\/\/jeliebt.de\/cs\/wp-json\/wp\/v2\/media\/3621"}],"wp:attachment":[{"href":"https:\/\/jeliebt.de\/cs\/wp-json\/wp\/v2\/media?parent=3620"}],"wp:term":[{"taxonomy":"category","embeddable":true,"href":"https:\/\/jeliebt.de\/cs\/wp-json\/wp\/v2\/categories?post=3620"},{"taxonomy":"post_tag","embeddable":true,"href":"https:\/\/jeliebt.de\/cs\/wp-json\/wp\/v2\/tags?post=3620"}],"curies":[{"name":"wp","href":"https:\/\/api.w.org\/{rel}","templated":true}]}}