{"id":3609,"date":"2025-01-16T16:21:36","date_gmt":"2025-01-16T15:21:36","guid":{"rendered":"https:\/\/jeliebt.de\/pocit-oblohy\/"},"modified":"2026-02-27T14:40:46","modified_gmt":"2026-02-27T13:40:46","slug":"pocit-oblohy","status":"publish","type":"post","link":"https:\/\/jeliebt.de\/cs\/pocit-oblohy\/","title":{"rendered":"Pocit oblohy"},"content":{"rendered":"\n<p>Ka\u017e\u00add\u00fd je zn\u00e1: Poci\u00adty, kdy\u017e jste <strong>zami\u00adl\u00ado\u00advan\u00ed <\/strong>. M\u016f\u017ee\u00adte jimi obej\u00admout <strong>cel\u00fd sv\u011bt<\/strong>. \u017divot je tak snad\u00adn\u00fd a kr\u00e1s\u00adn\u00fd. C\u00edt\u00ed\u00adte se <strong>nes\u00admrteln\u00ed<\/strong>, m\u016f\u017ee\u00adte bo\u0159it stro\u00admy a najed\u00adnou d\u011blat v\u011bci, o kter\u00fdch jste si p\u0159ed\u00adt\u00edm nemys\u00adle\u00adli, \u017ee jsou mo\u017e\u00adn\u00e9. Z bl\u00e1z\u00adn\u016f do po\u0159\u00e1d\u00adku se sta\u00adnou exper\u00adti na ukl\u00ed\u00adzen\u00ed, z kade\u0159n\u00ed\u00adk\u016f z\u00e1vis\u00adl\u00ed na nov\u00e9m \u00fa\u010de\u00adsu a tak d\u00e1le. A to v\u0161ech\u00adno kv\u016f\u00adli jedi\u00adn\u00e9\u00admu \u010dlo\u00adv\u011b\u00adku, kter\u00fd ned\u00e1v\u00adno vstou\u00adpil do va\u0161e\u00adho \u017eivo\u00adta. A poka\u017e\u00add\u00e9, kdy\u017e se s tou\u00adto oso\u00adbou set\u00adk\u00e1\u00adte nebo si na ni vzpo\u00adme\u00adne\u00adte, vr\u00e1\u00adt\u00ed se v\u00e1m <strong>poci\u00adty \u0161t\u011bs\u00adt\u00ed<\/strong>. Chce\u00adte se toho okam\u017ei\u00adku dr\u017eet nav\u017e\u00addy a vzn\u00e1\u00ad\u0161et se v <strong>oblac\u00edch<\/strong>.      <\/p>\n\n<p>V ur\u010di\u00adt\u00e9m okam\u017ei\u00adku v\u0161ak p\u0159ij\u00adde okam\u017eik, kdy se z mra\u00adku dev\u011bt vypa\u0159\u00ed vzduch a r\u016f\u017eo\u00adv\u00e1 bar\u00adva se odloup\u00adne. Obje\u00adv\u00ed\u00adte tem\u00adn\u00e9 str\u00e1n\u00adky toho druh\u00e9\u00adho, jeho drs\u00adn\u00e9 hra\u00adny. Ale co te\u010f? N\u011bk\u00adte\u0159\u00ed se odv\u00adrace\u00adj\u00ed, aby dosta\u00adli to <strong>nakop\u00adnu\u00adt\u00ed<\/strong> zase od jin\u00e9\u00adho \u010dlo\u00adv\u011b\u00adka, kter\u00fd se zd\u00e1 b\u00fdt \u201clep\u0161\u00ed\u201d. Jin\u00ed se roz\u00adhod\u00adnou mil\u00ado\u00advat danou oso\u00adbu i p\u0159es jej\u00ed ned\u00adost\u00adat\u00adky.    <\/p>\n\n<p>Ve v\u0161ech t\u011bch\u00adto zku\u0161en\u00ados\u00adtech ros\u00adte <strong>tou\u00adha b\u00fdt jed\u00adno\u00addu\u0161e mil\u00ado\u00adv\u00e1n<\/strong>. \u017d\u00e1d\u00adn\u00e9 kdy\u00adby, \u017e\u00e1d\u00adn\u00e9 ale. I kdy\u00adby mot\u00fd\u00adli vyprcha\u00adli nebo se \u0159asen\u00adka roz\u00adm\u00adaza\u00adla. Ale exis\u00adtu\u00adje bez\u00adpod\u00adm\u00ed\u00adne\u010dn\u00e1 l\u00e1s\u00adka? Nebo exis\u00adtu\u00adje \u201cTEN\u201d \u010dlo\u00adv\u011bk, kter\u00fd dok\u00e1\u00ad\u017ee takto mil\u00ado\u00advat? V\u0161ich\u00adni ji chce\u00adme. <strong>Tajemst\u00adv\u00ed<\/strong> v\u0161ak zn\u00ed: prv\u00adn\u00edm kro\u00adkem t\u00edm\u00adto sm\u011b\u00adrem je st\u00e1t se tako\u00advou oso\u00adbou sami. Prav\u00add\u011b\u00adpo\u00add\u00adob\u00adn\u011b zno\u00advu a zno\u00advu nara\u00adz\u00ed\u00adme na sv\u00e9 lids\u00adk\u00e9 limi\u00adty. Ale z toho\u00adto roz\u00adhod\u00adnu\u00adt\u00ed vyros\u00adte nov\u00e1, mno\u00adhem hlu\u00adb\u00ad\u0161\u00ed for\u00adma l\u00e1s\u00adky.<a href=\"https:\/\/jeliebt.de\/cs\/je-laska-rozhodnuti\/\" data-type=\"post\" data-id=\"2162\" target=\"_blank\" rel=\"noreferrer noopener\">\u201cJe l\u00e1s\u00adka roz\u00adhod\u00adnu\u00adt\u00ed?<\/a>\u201d      <\/p>\n\n<p>P.S.: Osob\u00adn\u011b jsem se ve sv\u00e9 nedo\u00adko\u00adna\u00adlos\u00adti nau\u010di\u00adla, \u017ee exis\u00adtu\u00adje n\u011bk\u00addo, kdo m\u011b bez\u00adpod\u00adm\u00ed\u00adne\u010dn\u011b miluje. A pom\u00e1\u00adh\u00e1 mi zno\u00advu a zno\u00advu mil\u00ado\u00advat druh\u00e9. V\u00edce se o t\u00e9to oso\u00adb\u011b m\u016f\u017ee\u00adte doz\u00adv\u011b\u00add\u011bt zde: <a href=\"https:\/\/jeliebt.de\/cs\/mohu-vas-predstavit\/\" data-type=\"post\" data-id=\"924\" target=\"_blank\" rel=\"noreferrer noopener\">L\u00e1s\u00adka osob\u00adn\u011b<\/a>.  <\/p>\n\n<p><\/p>\n","protected":false},"excerpt":{"rendered":"<p>Ka\u017e\u00add\u00fd je zn\u00e1: Poci\u00adty, kdy\u017e jste zami\u00adl\u00ado\u00advan\u00ed . M\u016f\u017ee\u00adte jimi obej\u00admout cel\u00fd sv\u011bt. \u017divot je tak snad\u00adn\u00fd a kr\u00e1s\u00adn\u00fd. C\u00edt\u00ed\u00adte se nes\u00admrteln\u00ed, m\u016f\u017ee\u00adte bo\u0159it stro\u00admy a najed\u00adnou d\u011blat v\u011bci, o kter\u00fdch jste si p\u0159ed\u00adt\u00edm nemys\u00adle\u00adli, \u017ee jsou mo\u017e\u00adn\u00e9. Z bl\u00e1z\u00adn\u016f do po\u0159\u00e1d\u00adku se sta\u00adnou exper\u00adti na ukl\u00ed\u00adzen\u00ed, z kade\u0159n\u00ed\u00adk\u016f z\u00e1vis\u00adl\u00ed na nov\u00e9m \u00fa\u010de\u00adsu a tak [\u2026]<\/p>\n","protected":false},"author":2,"featured_media":3611,"comment_status":"closed","ping_status":"closed","sticky":false,"template":"","format":"standard","meta":{"_acf_changed":false,"wp_typography_post_enhancements_disabled":false,"footnotes":""},"categories":[61],"tags":[],"class_list":["post-3609","post","type-post","status-publish","format-standard","has-post-thumbnail","hentry","category-prispevek-na-blogu"],"acf":[],"_links":{"self":[{"href":"https:\/\/jeliebt.de\/cs\/wp-json\/wp\/v2\/posts\/3609","targetHints":{"allow":["GET"]}}],"collection":[{"href":"https:\/\/jeliebt.de\/cs\/wp-json\/wp\/v2\/posts"}],"about":[{"href":"https:\/\/jeliebt.de\/cs\/wp-json\/wp\/v2\/types\/post"}],"author":[{"embeddable":true,"href":"https:\/\/jeliebt.de\/cs\/wp-json\/wp\/v2\/users\/2"}],"replies":[{"embeddable":true,"href":"https:\/\/jeliebt.de\/cs\/wp-json\/wp\/v2\/comments?post=3609"}],"version-history":[{"count":3,"href":"https:\/\/jeliebt.de\/cs\/wp-json\/wp\/v2\/posts\/3609\/revisions"}],"predecessor-version":[{"id":4684,"href":"https:\/\/jeliebt.de\/cs\/wp-json\/wp\/v2\/posts\/3609\/revisions\/4684"}],"wp:featuredmedia":[{"embeddable":true,"href":"https:\/\/jeliebt.de\/cs\/wp-json\/wp\/v2\/media\/3611"}],"wp:attachment":[{"href":"https:\/\/jeliebt.de\/cs\/wp-json\/wp\/v2\/media?parent=3609"}],"wp:term":[{"taxonomy":"category","embeddable":true,"href":"https:\/\/jeliebt.de\/cs\/wp-json\/wp\/v2\/categories?post=3609"},{"taxonomy":"post_tag","embeddable":true,"href":"https:\/\/jeliebt.de\/cs\/wp-json\/wp\/v2\/tags?post=3609"}],"curies":[{"name":"wp","href":"https:\/\/api.w.org\/{rel}","templated":true}]}}